{"id":28666,"date":"2021-12-02T19:51:56","date_gmt":"2021-12-02T19:51:56","guid":{"rendered":"https:\/\/todoapulmon-rafaela.com\/?p=28666"},"modified":"2021-12-02T19:51:56","modified_gmt":"2021-12-02T19:51:56","slug":"track-day-en-el-autodromo-ciudad-de-rafaela","status":"publish","type":"post","link":"https:\/\/todoapulmon-rafaela.com\/index.php\/2021\/12\/02\/track-day-en-el-autodromo-ciudad-de-rafaela\/","title":{"rendered":"Track Day en el aut\u00f3dromo Ciudad de Rafaela"},"content":{"rendered":"<p>El s\u00e1bado 4 de diciembre, en el Aut\u00f3dromo Ciudad de Rafaela, con la participaci\u00f3n de la Subcomisi\u00f3n de Automovilismo del Club Atl\u00e9tico, se habilitar\u00e1 el aut\u00f3dromo para que particulares puedan girar con sus propios autos en los diferentes dibujos que ofrece el trazado: \u00f3valo con chicanas, circuito chico sentido horario y antihorario y \u00f3valo completo. Se trata de una actividad que potenciar\u00e1 el turismo de nuestra ciudad.<\/p>\n<p>En este marco, se desarroll\u00f3 una conferencia de prensa para adelantar detalles de lo que ser\u00e1 la jornada del pr\u00f3ximo s\u00e1bado. Participaron los organizadores del evento, Iv\u00e1n Alovatti y Lucas Bauducco; los ex pilotos Ren\u00e9 Zanatta y Mart\u00edn Basso; el Presidente de la Subcomisi\u00f3n de Automovilismo del Club Atl\u00e9tico de Rafaela, Adri\u00e1n Sanmartino; y la coordinadora de Turismo de la Municipalidad de Rafaela, Alejandra Mahieu.<\/p>\n<p>\u201cHac\u00eda rato que ven\u00edamos con la idea de hacer algo en el aut\u00f3dromo, generar un producto tur\u00edstico capaz de atraer gente que venga a conocer la ciudad y que tengan la oportunidad de sentir la emoci\u00f3n de estar y de girar en el circuito. Despu\u00e9s de muchas charlas con Adri\u00e1n Sanmartino y con los organizadores, surgi\u00f3 esta propuesta\u201d; explic\u00f3 Alejandra Mahieu.<\/p>\n<p><strong>La importancia para el turismo local<\/strong><\/p>\n<p>Para el turismo en Rafaela son muy relevantes este tipo de actividades ya que generan movimiento, atraen gente, movilizan la hoteler\u00eda, la gastronom\u00eda y conllevan muchos beneficios para toda la ciudad.<\/p>\n<p>Al respecto, la responsable municipal de Turismo, expres\u00f3: \u201cEste tipo de actividades son las que necesitamos para que venga m\u00e1s gente a Rafaela, se haga conocer la ciudad, y sobre todo, que tengan la posibilidad de disfrutar el aut\u00f3dromo. Todo el mundo conoce y habla del aut\u00f3dromo, y tener la oportunidad de sentir la emoci\u00f3n y todo lo que implica girar en \u00e9l, me parece algo fant\u00e1stico\u201d.<\/p>\n<p>Por su parte, Iv\u00e1n Alovatti, uno de los organizadores del evento, afirm\u00f3 que \u201ctanto para la gente como para la prensa, es un evento at\u00edpico. No muchos conocen lo que es un Track Day para autos de calle. Durante los \u00faltimos 4 meses, con la ayuda de muchas personas, con la colaboraci\u00f3n de la prensa, le estuvimos dando difusi\u00f3n al evento. Es la primera vez que se va hacer en Rafaela con todo lo que eso conlleva, hacerlo en el \u201ctemplo de la velocidad\u201d, que la gente pueda subirse a un auto de calle y sentirse piloto es fant\u00e1stico, pero con todas las medidas de seguridad, con responsabilidad y con reglas por cumplir\u201d.<\/p>\n<p><strong>\u201dOrgullosos que el aut\u00f3dromo est\u00e9 disponible para este tipo de eventos\u201d<\/strong><\/p>\n<p>En representaci\u00f3n del Club Atl\u00e9tico de Rafaela, Adri\u00e1n Sanmartino manifest\u00f3: \u201cDe parte del aut\u00f3dromo, queremos agradecerles a los organizadores. Para nosotros es un nuevo desaf\u00edo; nunca antes se hab\u00eda organizado un evento de este tipo. Felicitarlos tambi\u00e9n porque es una movida bastante grande la que est\u00e1n haciendo, es mucho sacrificio, mucho tiempo el que lleva organizarlo. Orgullosos que el aut\u00f3dromo est\u00e9 disponible para este tipo de eventos en el cual nosotros somos los primeros interesados en que haya ruido en ese lugar.\u201d<\/p>\n<p><strong>\u201cLa historia de Rafaela siempre estuvo vinculada al automovilismo\u201d<\/strong><\/p>\n<p>Finalmente el ex piloto Ren\u00e9 Zanatta destac\u00f3 que \u201cla gente de afuera ve al circuito de Rafaela como parte de la historia. Ustedes no se dan una idea de la gente que quiere venir a Rafaela a dar una vuelta por el aut\u00f3dromo. La historia de Rafaela siempre estuvo vinculada al automovilismo. El Club Atl\u00e9tico se hizo famoso por el automovilismo. Seguimos teniendo el aut\u00f3dromo m\u00e1s r\u00e1pido de Am\u00e9rica; entonces tenemos que disfrutarlo\u201d.<\/p>\n<p><strong>Detalles del evento<\/strong><\/p>\n<p>La jornada tendr\u00e1 su inicio a las 9:00 con charlas de pilotos de carrera como Jorge Ternengo, Ren\u00e9 Zanatta, Mart\u00edn Basso, Diego Ba\u00f1on, Nicol\u00e1s Gonz\u00e1lez y Juan Canela. Se extender\u00e1n hasta las 18:00 para compartir un after.<\/p>\n<p>Ser\u00e1 un d\u00eda a puro automovilismo ya que habr\u00e1 exposici\u00f3n de autos cl\u00e1sicos y de carrera, servicios de food trucks y m\u00fasica.<\/p>\n<p>Las tandas de giros en el trazado se dividir\u00e1n seg\u00fan potencia de los motores, m\u00e1s una categor\u00eda \u201cHist\u00f3ricos\u201d para veh\u00edculos hasta el a\u00f1o 1979.<\/p>\n<p>Cabe destacar que se contar\u00e1 con todas las medidas de seguridad tal como se aplican en las carreras: bomberos, banderilleros, rescate y param\u00e9dicos, con cobertura m\u00e9dica de la Asociaci\u00f3n Argentina de Volantes. El uso de casco y cinturones de seguridad ser\u00e1 obligatorio.<\/p>\n<p><strong>Rafaela en la Feria Internacional de Turismo<\/strong><\/p>\n<p>En otro orden, Alejandra Mahieu se refiri\u00f3 a la Feria Internacional de Turismo que se realizar\u00e1 los pr\u00f3ximos 4 al 7 de diciembre: \u201cLa FIT se desarrollar\u00e1 en la Rural de Buenos Aires. Es para destacar que por primera vez en la historia, Rafaela va a contar con su propio stand. El gobierno de Omar Perotti est\u00e1 apostando muy fuerte para que Santa Fe sea una provincia promotora de turismo receptivo y que el turismo sea un motor para la econom\u00eda. Esta feria es la m\u00e1s grande de Latinoam\u00e9rica y el Municipio ha decidido estar presente con pantallas donde se proyectar\u00e1n videos y se va a ver reflejado el trabajo de instituciones que est\u00e1n vinculadas al turismo, como el caso del aut\u00f3dromo. Lo que queremos es que ese stand sea de toda la ciudad\u201d; finaliz\u00f3 la coordinadora del \u00c1rea de Turismo local.<\/p>\n<p>&nbsp;<\/p>\n","protected":false},"excerpt":{"rendered":"<p>El s\u00e1bado 4 de diciembre, en el Aut\u00f3dromo Ciudad de Rafaela, con la participaci\u00f3n de la Subcomisi\u00f3n de Automovilismo del<\/p>\n","protected":false},"author":2,"featured_media":28667,"comment_status":"open","ping_status":"open","sticky":false,"template":"","format":"standard","meta":{"footnotes":""},"categories":[1],"tags":[],"class_list":["post-28666","post","type-post","status-publish","format-standard","has-post-thumbnail","hentry","category-sin-categoria"],"cc_featured_image_caption":{"caption_text":"Foto Prensa Municipalidad de Rafaela","source_text":"","source_url":""},"_links":{"self":[{"href":"https:\/\/todoapulmon-rafaela.com\/index.php\/wp-json\/wp\/v2\/posts\/28666"}],"collection":[{"href":"https:\/\/todoapulmon-rafaela.com\/index.php\/wp-json\/wp\/v2\/posts"}],"about":[{"href":"https:\/\/todoapulmon-rafaela.com\/index.php\/wp-json\/wp\/v2\/types\/post"}],"author":[{"embeddable":true,"href":"https:\/\/todoapulmon-rafaela.com\/index.php\/wp-json\/wp\/v2\/users\/2"}],"replies":[{"embeddable":true,"href":"https:\/\/todoapulmon-rafaela.com\/index.php\/wp-json\/wp\/v2\/comments?post=28666"}],"version-history":[{"count":1,"href":"https:\/\/todoapulmon-rafaela.com\/index.php\/wp-json\/wp\/v2\/posts\/28666\/revisions"}],"predecessor-version":[{"id":28668,"href":"https:\/\/todoapulmon-rafaela.com\/index.php\/wp-json\/wp\/v2\/posts\/28666\/revisions\/28668"}],"wp:featuredmedia":[{"embeddable":true,"href":"https:\/\/todoapulmon-rafaela.com\/index.php\/wp-json\/wp\/v2\/media\/28667"}],"wp:attachment":[{"href":"https:\/\/todoapulmon-rafaela.com\/index.php\/wp-json\/wp\/v2\/media?parent=28666"}],"wp:term":[{"taxonomy":"category","embeddable":true,"href":"https:\/\/todoapulmon-rafaela.com\/index.php\/wp-json\/wp\/v2\/categories?post=28666"},{"taxonomy":"post_tag","embeddable":true,"href":"https:\/\/todoapulmon-rafaela.com\/index.php\/wp-json\/wp\/v2\/tags?post=28666"}],"curies":[{"name":"wp","href":"https:\/\/api.w.org\/{rel}","templated":true}]}}