{"id":28622,"date":"2021-11-30T01:58:44","date_gmt":"2021-11-30T01:58:44","guid":{"rendered":"https:\/\/todoapulmon-rafaela.com\/?p=28622"},"modified":"2021-11-30T01:58:44","modified_gmt":"2021-11-30T01:58:44","slug":"bronce-para-natalia-vera-en-el-cierre-del-ciclismo-en-los-panamericanos","status":"publish","type":"post","link":"https:\/\/todoapulmon-rafaela.com\/index.php\/2021\/11\/30\/bronce-para-natalia-vera-en-el-cierre-del-ciclismo-en-los-panamericanos\/","title":{"rendered":"Bronce para Natalia Vera en el cierre del ciclismo en los Panamericanos"},"content":{"rendered":"<p>Natalia Vera logr\u00f3 la medalla de bronce en la velocidad individual, en la cuarta y \u00faltima jornada de las competencias de ciclismo de los Juegos Panamericanos de la Juventud, que se realizan en Cali.<br \/>\nEn el vel\u00f3dromo \u00abAlcides Nieto Pati\u00f1o\u00bb, la santiague\u00f1a radicada en Rafaela y representante del Club Ciclista de nuestra ciudad, se impuso en los matchs ante la local Mosquera Quiceno.<br \/>\nRecordemos que esta especialidad tuvo su arranque el domingo. En la clasificaci\u00f3n, Vera obtuvo el tercer tiempo con 11s483, mientras que la bonaerense Valentina Luna fue s\u00e9ptima con 11s835.<br \/>\nEn el primer match venci\u00f3 a la chilena Camila Navarro, mientras que Luna hizo lo propio con Abigail Carvajal (Rep. Dominicana). Las argentinas se enfrentaron en los cuartos de final y se impuso la representante del Club Ciclista de Rafaela.<br \/>\nYa en la actividad del lunes, Nati no pudo en las semifinales de la velocidad con la colombiana Marianis Salazar S\u00e1nchez y fue por la medalla de bronce ante otra colombiana, Yarli Mosquera Quiceno, que hab\u00eda sido eliminada por la mexicana Mar\u00eda Jos\u00e9 Vizcaino Garc\u00eda. En la doble instancia la pedalista de nuestra ciudad se dio el gran gusto de terminar el torneo con una presea, que se suma a la de velocidad por equipos lograda el primer d\u00eda junto a Luna y Milagros Sanabria.<br \/>\nPor otra parte, el rafaelino Yoel Vargas qued\u00f3 cuarto en la semifinal del keirin (hab\u00eda ganado el repechaje) y no pudo meterse por poco en la final.<\/p>\n","protected":false},"excerpt":{"rendered":"<p>Natalia Vera logr\u00f3 la medalla de bronce en la velocidad individual, en la cuarta y \u00faltima jornada de las competencias<\/p>\n","protected":false},"author":2,"featured_media":28626,"comment_status":"open","ping_status":"open","sticky":false,"template":"","format":"standard","meta":{"footnotes":""},"categories":[4,24],"tags":[],"class_list":["post-28622","post","type-post","status-publish","format-standard","has-post-thumbnail","hentry","category-ciclismo","category-noticias-destacadas"],"cc_featured_image_caption":{"caption_text":"Foto FACPyR","source_text":"","source_url":""},"_links":{"self":[{"href":"https:\/\/todoapulmon-rafaela.com\/index.php\/wp-json\/wp\/v2\/posts\/28622"}],"collection":[{"href":"https:\/\/todoapulmon-rafaela.com\/index.php\/wp-json\/wp\/v2\/posts"}],"about":[{"href":"https:\/\/todoapulmon-rafaela.com\/index.php\/wp-json\/wp\/v2\/types\/post"}],"author":[{"embeddable":true,"href":"https:\/\/todoapulmon-rafaela.com\/index.php\/wp-json\/wp\/v2\/users\/2"}],"replies":[{"embeddable":true,"href":"https:\/\/todoapulmon-rafaela.com\/index.php\/wp-json\/wp\/v2\/comments?post=28622"}],"version-history":[{"count":1,"href":"https:\/\/todoapulmon-rafaela.com\/index.php\/wp-json\/wp\/v2\/posts\/28622\/revisions"}],"predecessor-version":[{"id":28623,"href":"https:\/\/todoapulmon-rafaela.com\/index.php\/wp-json\/wp\/v2\/posts\/28622\/revisions\/28623"}],"wp:featuredmedia":[{"embeddable":true,"href":"https:\/\/todoapulmon-rafaela.com\/index.php\/wp-json\/wp\/v2\/media\/28626"}],"wp:attachment":[{"href":"https:\/\/todoapulmon-rafaela.com\/index.php\/wp-json\/wp\/v2\/media?parent=28622"}],"wp:term":[{"taxonomy":"category","embeddable":true,"href":"https:\/\/todoapulmon-rafaela.com\/index.php\/wp-json\/wp\/v2\/categories?post=28622"},{"taxonomy":"post_tag","embeddable":true,"href":"https:\/\/todoapulmon-rafaela.com\/index.php\/wp-json\/wp\/v2\/tags?post=28622"}],"curies":[{"name":"wp","href":"https:\/\/api.w.org\/{rel}","templated":true}]}}