{"id":28606,"date":"2021-11-29T20:33:34","date_gmt":"2021-11-29T20:33:34","guid":{"rendered":"https:\/\/todoapulmon-rafaela.com\/?p=28606"},"modified":"2021-11-30T01:54:06","modified_gmt":"2021-11-30T01:54:06","slug":"presencias-rafaelinas-destacadas-en-el-triatlon-de-villa-urquiza","status":"publish","type":"post","link":"https:\/\/todoapulmon-rafaela.com\/index.php\/2021\/11\/29\/presencias-rafaelinas-destacadas-en-el-triatlon-de-villa-urquiza\/","title":{"rendered":"Presencias rafaelinas destacadas en el triatl\u00f3n de Villa Urquiza"},"content":{"rendered":"<p>El Triatl\u00f3n de Villa Urquiza, por la primera fecha del circuito entrerriano de tria 2021\/22, se desarroll\u00f3 este fin de semana en la provincia de Entre R\u00edos, con la presencia de algunos representantes de nuestra ciudad.<\/p>\n<p>Se hab\u00eda programado en las distancias sprint (750 metros de nataci\u00f3n, 20 km. de ciclismo y 5 km. de pedestrismo) y Standard (1.500\/40\/10). Pero la fase de nataci\u00f3n no se realiz\u00f3.<\/p>\n<p>Rodrigo Visconti fue primero en Masculino D en 1h 02m 34s. Adem\u00e1s qued\u00f3 octavo en la clasificaci\u00f3n general.<\/p>\n<p>Sergio Peretti se clasific\u00f3 primero en su categor\u00eda y 26\u00ba en la general de Age Groups Estandar, con un tiempo de 2h 11m 06s.<\/p>\n<p><img loading=\"lazy\" decoding=\"async\" class=\"alignnone size-full wp-image-28608\" src=\"https:\/\/todoapulmon-rafaela.com\/wp-content\/uploads\/2021\/11\/Sergio-Peretti-V-urquiza.jpg\" alt=\"\" width=\"971\" height=\"910\" srcset=\"https:\/\/todoapulmon-rafaela.com\/wp-content\/uploads\/2021\/11\/Sergio-Peretti-V-urquiza.jpg 971w, https:\/\/todoapulmon-rafaela.com\/wp-content\/uploads\/2021\/11\/Sergio-Peretti-V-urquiza-300x281.jpg 300w\" sizes=\"(max-width: 971px) 100vw, 971px\" \/><\/p>\n<p>Mart\u00edn Peretti se ubic\u00f3 quinto en Crono Masculino mas de 35, en 2h 08m 12s.<\/p>\n<p><img loading=\"lazy\" decoding=\"async\" class=\"alignnone size-full wp-image-28609\" src=\"https:\/\/todoapulmon-rafaela.com\/wp-content\/uploads\/2021\/11\/Martin-Peretti-v-urquiza.jpg\" alt=\"\" width=\"1490\" height=\"1076\" srcset=\"https:\/\/todoapulmon-rafaela.com\/wp-content\/uploads\/2021\/11\/Martin-Peretti-v-urquiza.jpg 1490w, https:\/\/todoapulmon-rafaela.com\/wp-content\/uploads\/2021\/11\/Martin-Peretti-v-urquiza-300x217.jpg 300w\" sizes=\"(max-width: 1490px) 100vw, 1490px\" \/><\/p>\n<p>En cuanto a las damas,\u00a0Susana Hauswirth se ubic\u00f3 primera en su categor\u00eda y sexta en la general femenina de Age Groups en 2h 22m 10s.<\/p>\n<p><img loading=\"lazy\" decoding=\"async\" class=\"alignnone size-full wp-image-28610\" src=\"https:\/\/todoapulmon-rafaela.com\/wp-content\/uploads\/2021\/11\/Susana-v-urquiza.jpg\" alt=\"\" width=\"1366\" height=\"1031\" srcset=\"https:\/\/todoapulmon-rafaela.com\/wp-content\/uploads\/2021\/11\/Susana-v-urquiza.jpg 1366w, https:\/\/todoapulmon-rafaela.com\/wp-content\/uploads\/2021\/11\/Susana-v-urquiza-300x226.jpg 300w\" sizes=\"(max-width: 1366px) 100vw, 1366px\" \/><\/p>\n<p>Macarena Calvo fue tercera en sprint femenino C en 1h 33m 33s.<\/p>\n<p><img loading=\"lazy\" decoding=\"async\" class=\"alignnone size-full wp-image-28611\" src=\"https:\/\/todoapulmon-rafaela.com\/wp-content\/uploads\/2021\/11\/Calvo-V-Urquiza.jpg\" alt=\"\" width=\"1742\" height=\"910\" srcset=\"https:\/\/todoapulmon-rafaela.com\/wp-content\/uploads\/2021\/11\/Calvo-V-Urquiza.jpg 1742w, https:\/\/todoapulmon-rafaela.com\/wp-content\/uploads\/2021\/11\/Calvo-V-Urquiza-300x157.jpg 300w, https:\/\/todoapulmon-rafaela.com\/wp-content\/uploads\/2021\/11\/Calvo-V-Urquiza-1536x802.jpg 1536w, https:\/\/todoapulmon-rafaela.com\/wp-content\/uploads\/2021\/11\/Calvo-V-Urquiza-390x205.jpg 390w\" sizes=\"(max-width: 1742px) 100vw, 1742px\" \/><\/p>\n<div class=\"yj6qo\"><\/div>\n<div class=\"adL\"><\/div>\n","protected":false},"excerpt":{"rendered":"<p>El Triatl\u00f3n de Villa Urquiza, por la primera fecha del circuito entrerriano de tria 2021\/22, se desarroll\u00f3 este fin de<\/p>\n","protected":false},"author":2,"featured_media":28607,"comment_status":"open","ping_status":"open","sticky":false,"template":"","format":"standard","meta":{"footnotes":""},"categories":[28],"tags":[],"class_list":["post-28606","post","type-post","status-publish","format-standard","has-post-thumbnail","hentry","category-triatlon"],"cc_featured_image_caption":{"caption_text":"Rodrigo Visconti fue primero en su categor\u00eda (foto Running Time).","source_text":"","source_url":""},"_links":{"self":[{"href":"https:\/\/todoapulmon-rafaela.com\/index.php\/wp-json\/wp\/v2\/posts\/28606"}],"collection":[{"href":"https:\/\/todoapulmon-rafaela.com\/index.php\/wp-json\/wp\/v2\/posts"}],"about":[{"href":"https:\/\/todoapulmon-rafaela.com\/index.php\/wp-json\/wp\/v2\/types\/post"}],"author":[{"embeddable":true,"href":"https:\/\/todoapulmon-rafaela.com\/index.php\/wp-json\/wp\/v2\/users\/2"}],"replies":[{"embeddable":true,"href":"https:\/\/todoapulmon-rafaela.com\/index.php\/wp-json\/wp\/v2\/comments?post=28606"}],"version-history":[{"count":3,"href":"https:\/\/todoapulmon-rafaela.com\/index.php\/wp-json\/wp\/v2\/posts\/28606\/revisions"}],"predecessor-version":[{"id":28625,"href":"https:\/\/todoapulmon-rafaela.com\/index.php\/wp-json\/wp\/v2\/posts\/28606\/revisions\/28625"}],"wp:featuredmedia":[{"embeddable":true,"href":"https:\/\/todoapulmon-rafaela.com\/index.php\/wp-json\/wp\/v2\/media\/28607"}],"wp:attachment":[{"href":"https:\/\/todoapulmon-rafaela.com\/index.php\/wp-json\/wp\/v2\/media?parent=28606"}],"wp:term":[{"taxonomy":"category","embeddable":true,"href":"https:\/\/todoapulmon-rafaela.com\/index.php\/wp-json\/wp\/v2\/categories?post=28606"},{"taxonomy":"post_tag","embeddable":true,"href":"https:\/\/todoapulmon-rafaela.com\/index.php\/wp-json\/wp\/v2\/tags?post=28606"}],"curies":[{"name":"wp","href":"https:\/\/api.w.org\/{rel}","templated":true}]}}