{"id":28600,"date":"2021-11-29T17:06:07","date_gmt":"2021-11-29T17:06:07","guid":{"rendered":"https:\/\/todoapulmon-rafaela.com\/?p=28600"},"modified":"2021-11-29T17:06:07","modified_gmt":"2021-11-29T17:06:07","slug":"pablo-scozzina-hizo-podio-en-el-tetratlon-de-bell-ville","status":"publish","type":"post","link":"https:\/\/todoapulmon-rafaela.com\/index.php\/2021\/11\/29\/pablo-scozzina-hizo-podio-en-el-tetratlon-de-bell-ville\/","title":{"rendered":"Pablo Scozzina hizo podio en el Tetratl\u00f3n de Bell Ville"},"content":{"rendered":"<p>Si de pruebas combinadas se trata, Pablo Scozzina siempre dispuestos a participaciones en diferentes lugares. Este domingo lo hizo en un Tetratl\u00f3n, o sea una competencia de cuatro disciplinas, que tuvo lugar en Bell Ville.<\/p>\n<p>La exigente prueba, con cupo por seguridad de 200 inscriptos, se enmarc\u00f3 en los festejos por un nuevo aniversario de la ciudad cordobesa y pod\u00eda realizarse de manera individual o por equipos.<\/p>\n<p><img loading=\"lazy\" decoding=\"async\" class=\"alignnone size-full wp-image-28602\" src=\"https:\/\/todoapulmon-rafaela.com\/wp-content\/uploads\/2021\/11\/Scozzina-Tetra1.jpg\" alt=\"\" width=\"1504\" height=\"1000\" srcset=\"https:\/\/todoapulmon-rafaela.com\/wp-content\/uploads\/2021\/11\/Scozzina-Tetra1.jpg 1504w, https:\/\/todoapulmon-rafaela.com\/wp-content\/uploads\/2021\/11\/Scozzina-Tetra1-300x199.jpg 300w\" sizes=\"(max-width: 1504px) 100vw, 1504px\" \/><\/p>\n<p>Se compiti\u00f3 en remo, nataci\u00f3n, ciclismo y running por diferentes espacios de la localidad, con salida desde Los Cuervos Rugby Club y pruebas en la Reserva Natural Parque Francisco Tau. En remo se utiliz\u00f3 el tramo hasta Solares del Tercero (7 km); desde all\u00ed con nataci\u00f3n hasta el Diquecito (4 km). Luego el ciclismo que contempl\u00f3 la salida del Parque para recorrer calles de la ciudad (20 km) y finalmente desde Los Cuervos la salida y llegada final de running (10 km).<\/p>\n<p><img loading=\"lazy\" decoding=\"async\" class=\"alignnone size-full wp-image-28603\" src=\"https:\/\/todoapulmon-rafaela.com\/wp-content\/uploads\/2021\/11\/Scozzina-Tetra4.jpg\" alt=\"\" width=\"1000\" height=\"1504\" srcset=\"https:\/\/todoapulmon-rafaela.com\/wp-content\/uploads\/2021\/11\/Scozzina-Tetra4.jpg 1000w, https:\/\/todoapulmon-rafaela.com\/wp-content\/uploads\/2021\/11\/Scozzina-Tetra4-199x300.jpg 199w, https:\/\/todoapulmon-rafaela.com\/wp-content\/uploads\/2021\/11\/Scozzina-Tetra4-997x1500.jpg 997w\" sizes=\"(max-width: 1000px) 100vw, 1000px\" \/><\/p>\n<p>Un dato no menor fue que en el tramo de ciclismo hubo un gran barrial producto de la lluvia de 70 mil\u00edmetros de la noche anterior, que motiv\u00f3 un desgaste mucho m\u00e1s grande para los competidores.<\/p>\n<p><img loading=\"lazy\" decoding=\"async\" class=\"alignnone size-full wp-image-28604\" src=\"https:\/\/todoapulmon-rafaela.com\/wp-content\/uploads\/2021\/11\/Scozzina-Tetra.jpg\" alt=\"\" width=\"1200\" height=\"1223\" srcset=\"https:\/\/todoapulmon-rafaela.com\/wp-content\/uploads\/2021\/11\/Scozzina-Tetra.jpg 1200w, https:\/\/todoapulmon-rafaela.com\/wp-content\/uploads\/2021\/11\/Scozzina-Tetra-294x300.jpg 294w\" sizes=\"(max-width: 1200px) 100vw, 1200px\" \/><\/p>\n<p>El atleta de nuestra ciudad se ubic\u00f3 en un meritorio tercer puesto en su categor\u00eda, disfrutando de esta modalidad que en marzo tiene previsto realizar un evento similar en Marcos Ju\u00e1rez.<\/p>\n","protected":false},"excerpt":{"rendered":"<p>Si de pruebas combinadas se trata, Pablo Scozzina siempre dispuestos a participaciones en diferentes lugares. Este domingo lo hizo en<\/p>\n","protected":false},"author":2,"featured_media":28601,"comment_status":"open","ping_status":"open","sticky":false,"template":"","format":"standard","meta":{"footnotes":""},"categories":[24],"tags":[],"class_list":["post-28600","post","type-post","status-publish","format-standard","has-post-thumbnail","hentry","category-noticias-destacadas"],"cc_featured_image_caption":{"caption_text":"El representante de nuestra ciudad en la parte de remo (foto Sacha Buc).","source_text":"","source_url":""},"_links":{"self":[{"href":"https:\/\/todoapulmon-rafaela.com\/index.php\/wp-json\/wp\/v2\/posts\/28600"}],"collection":[{"href":"https:\/\/todoapulmon-rafaela.com\/index.php\/wp-json\/wp\/v2\/posts"}],"about":[{"href":"https:\/\/todoapulmon-rafaela.com\/index.php\/wp-json\/wp\/v2\/types\/post"}],"author":[{"embeddable":true,"href":"https:\/\/todoapulmon-rafaela.com\/index.php\/wp-json\/wp\/v2\/users\/2"}],"replies":[{"embeddable":true,"href":"https:\/\/todoapulmon-rafaela.com\/index.php\/wp-json\/wp\/v2\/comments?post=28600"}],"version-history":[{"count":1,"href":"https:\/\/todoapulmon-rafaela.com\/index.php\/wp-json\/wp\/v2\/posts\/28600\/revisions"}],"predecessor-version":[{"id":28605,"href":"https:\/\/todoapulmon-rafaela.com\/index.php\/wp-json\/wp\/v2\/posts\/28600\/revisions\/28605"}],"wp:featuredmedia":[{"embeddable":true,"href":"https:\/\/todoapulmon-rafaela.com\/index.php\/wp-json\/wp\/v2\/media\/28601"}],"wp:attachment":[{"href":"https:\/\/todoapulmon-rafaela.com\/index.php\/wp-json\/wp\/v2\/media?parent=28600"}],"wp:term":[{"taxonomy":"category","embeddable":true,"href":"https:\/\/todoapulmon-rafaela.com\/index.php\/wp-json\/wp\/v2\/categories?post=28600"},{"taxonomy":"post_tag","embeddable":true,"href":"https:\/\/todoapulmon-rafaela.com\/index.php\/wp-json\/wp\/v2\/tags?post=28600"}],"curies":[{"name":"wp","href":"https:\/\/api.w.org\/{rel}","templated":true}]}}