{"id":28542,"date":"2021-11-28T01:20:15","date_gmt":"2021-11-28T01:20:15","guid":{"rendered":"https:\/\/todoapulmon-rafaela.com\/?p=28542"},"modified":"2021-11-28T01:20:15","modified_gmt":"2021-11-28T01:20:15","slug":"segundo-dia-del-ciclismo-con-medallas-para-el-seleccionado","status":"publish","type":"post","link":"https:\/\/todoapulmon-rafaela.com\/index.php\/2021\/11\/28\/segundo-dia-del-ciclismo-con-medallas-para-el-seleccionado\/","title":{"rendered":"Segundo d\u00eda del ciclismo con medallas para el seleccionado"},"content":{"rendered":"<p>Volvieron a tener actividad los representantes del Club Ciclista de Rafaela que integran la selecci\u00f3n nacional de ciclismo en los Juegos Panamericanos de la Juventud Cali 2021.<\/p>\n<p>Yoel Vargas qued\u00f3 und\u00e9cimo en la clasificaci\u00f3n de la velocidad individual con un tiempo de 10s871, y en el match de octavos cay\u00f3 ante el mexicano Juan Carlos Ruiz Ter\u00e1n. Finalmente no pudo pasar la repesca para meterse en cuartos de final.<br \/>\nEn cuanto a Natalia Vera, tuvo una descalificaci\u00f3n en el keirin durante su serie por una falta t\u00e9cnica apenas iniciada la prueba. Hoy tendr\u00e1 la posibilidad de la velocidad individual.<\/p>\n<p>Para el equipo argentino a cargo de Walter P\u00e9rez y Daniel Capella, hubo buenas noticias por el lado de Lucas Vilar, que fue cuarto en la clasificaci\u00f3n con 10s239 y luego super\u00f3 dos matchs, para ya estar entre los cuatro mejores.<\/p>\n<p>Y finalmente Valentina Luna gan\u00f3 la medalla de bronce en el keirin. La juvenil qued\u00f3 detr\u00e1s de las colombianas Marianis Salazar y Valeria Cardozo.<\/p>\n","protected":false},"excerpt":{"rendered":"<p>Volvieron a tener actividad los representantes del Club Ciclista de Rafaela que integran la selecci\u00f3n nacional de ciclismo en los<\/p>\n","protected":false},"author":2,"featured_media":28543,"comment_status":"open","ping_status":"open","sticky":false,"template":"","format":"standard","meta":{"footnotes":""},"categories":[4,24],"tags":[],"class_list":["post-28542","post","type-post","status-publish","format-standard","has-post-thumbnail","hentry","category-ciclismo","category-noticias-destacadas"],"cc_featured_image_caption":{"caption_text":"Foto del bronce del equipo Vera-Luna-Sanabria de velocidad del viernes. Este s\u00e1bado Valentina Luna fue tercera en el keirin.","source_text":"","source_url":""},"_links":{"self":[{"href":"https:\/\/todoapulmon-rafaela.com\/index.php\/wp-json\/wp\/v2\/posts\/28542"}],"collection":[{"href":"https:\/\/todoapulmon-rafaela.com\/index.php\/wp-json\/wp\/v2\/posts"}],"about":[{"href":"https:\/\/todoapulmon-rafaela.com\/index.php\/wp-json\/wp\/v2\/types\/post"}],"author":[{"embeddable":true,"href":"https:\/\/todoapulmon-rafaela.com\/index.php\/wp-json\/wp\/v2\/users\/2"}],"replies":[{"embeddable":true,"href":"https:\/\/todoapulmon-rafaela.com\/index.php\/wp-json\/wp\/v2\/comments?post=28542"}],"version-history":[{"count":1,"href":"https:\/\/todoapulmon-rafaela.com\/index.php\/wp-json\/wp\/v2\/posts\/28542\/revisions"}],"predecessor-version":[{"id":28544,"href":"https:\/\/todoapulmon-rafaela.com\/index.php\/wp-json\/wp\/v2\/posts\/28542\/revisions\/28544"}],"wp:featuredmedia":[{"embeddable":true,"href":"https:\/\/todoapulmon-rafaela.com\/index.php\/wp-json\/wp\/v2\/media\/28543"}],"wp:attachment":[{"href":"https:\/\/todoapulmon-rafaela.com\/index.php\/wp-json\/wp\/v2\/media?parent=28542"}],"wp:term":[{"taxonomy":"category","embeddable":true,"href":"https:\/\/todoapulmon-rafaela.com\/index.php\/wp-json\/wp\/v2\/categories?post=28542"},{"taxonomy":"post_tag","embeddable":true,"href":"https:\/\/todoapulmon-rafaela.com\/index.php\/wp-json\/wp\/v2\/tags?post=28542"}],"curies":[{"name":"wp","href":"https:\/\/api.w.org\/{rel}","templated":true}]}}