{"id":28467,"date":"2021-11-24T20:53:07","date_gmt":"2021-11-24T20:53:07","guid":{"rendered":"https:\/\/todoapulmon-rafaela.com\/?p=28467"},"modified":"2021-11-24T20:55:56","modified_gmt":"2021-11-24T20:55:56","slug":"viajaron-tomas-mondino-y-candela-gentinetta-hacia-cali","status":"publish","type":"post","link":"https:\/\/todoapulmon-rafaela.com\/index.php\/2021\/11\/24\/viajaron-tomas-mondino-y-candela-gentinetta-hacia-cali\/","title":{"rendered":"Viajaron Tom\u00e1s Mondino y Candela Gentinetta hacia Cali"},"content":{"rendered":"<p>Este mediod\u00eda en un vuelo especial fletado por el COA, partieron diversos equipos que participar\u00e1n en Cali, Colombia en los Primeros Juegos Panamericanos Juniors que tendr\u00e1n la ceremonia inaugural este jueves 25. En el caso del atletismo se competir\u00e1 en la categor\u00eda U-23.<\/p>\n<p>La delegaci\u00f3n de argentina est\u00e1 compuesta por un total de 28 atletas, entre ellos el velocista rafaelino Tom\u00e1s Mondino, y 5 oficiales. Varios atletas pertenecen a la categor\u00eda U-20 y tambi\u00e9n algunos a la U-18, se observa una interesante renovaci\u00f3n en los planteles.<\/p>\n<p>El grueso parti\u00f3 este mi\u00e9rcoles y se completara con el arribo de los que est\u00e1n estudiando en EEUU y la atleta Polanco, que est\u00e1 participando de los Juegos Binacionales, quienes arribar\u00e1n a Cali el pr\u00f3ximo 27 del corriente.<\/p>\n<p>Respecto a Candela Gentinetta, viaj\u00f3 hoy junto a su compa\u00f1era de Berazategui, Candela Foresto; y a Sof\u00eda Acevedo (Los Indios de Moreno) y Georgina Buzzetti (Ferro), que conformar\u00e1n el equipo del b\u00e1squet 3&#215;3. Recordemos que la rafaelina y Foresto ya estuvieron hace un par de semana en Miami disputando la AmeriCup de esta modalidad.<\/p>\n<p><img loading=\"lazy\" decoding=\"async\" class=\"alignnone size-full wp-image-28469\" src=\"https:\/\/todoapulmon-rafaela.com\/wp-content\/uploads\/2021\/11\/Screenshot_20211124-174141_Instagram1.jpg\" alt=\"\" width=\"720\" height=\"610\" srcset=\"https:\/\/todoapulmon-rafaela.com\/wp-content\/uploads\/2021\/11\/Screenshot_20211124-174141_Instagram1.jpg 720w, https:\/\/todoapulmon-rafaela.com\/wp-content\/uploads\/2021\/11\/Screenshot_20211124-174141_Instagram1-300x254.jpg 300w\" sizes=\"(max-width: 720px) 100vw, 720px\" \/><\/p>\n<p>En Cali desde comienzos de semana se encuentran los ciclistas Yoel Vargas y Natalia Vera, junto al entrenador Daniel Capella; y la gimnasta Magdalena Gaido con el entrenador V\u00edctor Ingaramo, que viajaron en el primer contingente del COA.<\/p>\n<blockquote class=\"twitter-tweet\" data-width=\"550\" data-dnt=\"true\">\n<p lang=\"es\" dir=\"ltr\">Ver esta publicaci\u00f3n de Instagram de @revistatodoapulmon2062 <a href=\"https:\/\/t.co\/bpWZnVzzY0\">https:\/\/t.co\/bpWZnVzzY0<\/a><\/p>\n<p>&mdash; Dario Gutierrez (@revistatodoapu1) <a href=\"https:\/\/twitter.com\/revistatodoapu1\/status\/1463611067075076101?ref_src=twsrc%5Etfw\">November 24, 2021<\/a><\/p><\/blockquote>\n<p><script async src=\"https:\/\/platform.twitter.com\/widgets.js\" charset=\"utf-8\"><\/script><\/p>\n<p>En los I Juegos Panamericanos Junior Cali-Valle 2021 la delegaci\u00f3n argentina estar\u00e1 conformada por 390 atletas (275) y oficiales (115) que participar\u00e1n en las siguientes disciplinas deportivas: atletismo, b\u00e1dminton, balonmano, basquetbol 3&#215;3, beisbol, boxeo, canotaje velocidad, ciclismo BMX racing, ciclismo de monta\u00f1a, ciclismo en pista, ciclismo en ruta, esgrima, gimnasia art\u00edstica, gimnasia r\u00edtmica, gimnasia trampol\u00edn, judo, karate, levantamiento de pesas, lucha, nataci\u00f3n, nataci\u00f3n art\u00edstica, patinaje art\u00edstico, patinaje velocidad, pentatl\u00f3n moderno, skateboarding, softbol, squash, taekwondo, tenis, tenis de mesa, tiro con arco, tiro deportivo, triatl\u00f3n, vela, voleibol indoor y voleibol de playa.<\/p>\n<blockquote class=\"twitter-tweet\" data-width=\"550\" data-dnt=\"true\">\n<p lang=\"es\" dir=\"ltr\">Ver esta publicaci\u00f3n de Instagram de @revistatodoapulmon2062 <a href=\"https:\/\/t.co\/w1zWp8yher\">https:\/\/t.co\/w1zWp8yher<\/a><\/p>\n<p>&mdash; Dario Gutierrez (@revistatodoapu1) <a href=\"https:\/\/twitter.com\/revistatodoapu1\/status\/1463611489839992832?ref_src=twsrc%5Etfw\">November 24, 2021<\/a><\/p><\/blockquote>\n<p><script async src=\"https:\/\/platform.twitter.com\/widgets.js\" charset=\"utf-8\"><\/script><\/p>\n<div class=\"itemIntroText\">\n<p>La \u00fanica disciplina que ya comenz\u00f3 su recorrido de antemano es el handball femenino. Argentina empat\u00f3 el primer partido con M\u00e9xico el martes y este mi\u00e9rcoles derrot\u00f3 a Colombia.<\/p>\n<p>Luciana Cardozo (vela) y Juli\u00e1n Guti\u00e9rrez (tiro) ser\u00e1n los abanderados de la delegaci\u00f3n argentina en la Ceremonia de Apertura que se celebrar\u00e1 el pr\u00f3ximo jueves 25 de noviembre en el Estadio Pascual Guerrero.<\/p>\n<p>Este es el listado completo de la delegaci\u00f3n argentina:<\/p>\n<p><a href=\"https:\/\/todoapulmon-rafaela.com\/wp-content\/uploads\/2021\/11\/DELEGACION-ARGENTINA-I-JUEGOS-PANAMERICANOS-JUNIOR-CALI-VALLE-2021.pdf\">DELEGACI\u00d3N ARGENTINA I JUEGOS PANAMERICANOS JUNIOR CALI-VALLE 2021<\/a><\/p>\n<\/div>\n","protected":false},"excerpt":{"rendered":"<p>Este mediod\u00eda en un vuelo especial fletado por el COA, partieron diversos equipos que participar\u00e1n en Cali, Colombia en los<\/p>\n","protected":false},"author":2,"featured_media":28468,"comment_status":"open","ping_status":"open","sticky":false,"template":"","format":"standard","meta":{"footnotes":""},"categories":[24],"tags":[],"class_list":["post-28467","post","type-post","status-publish","format-standard","has-post-thumbnail","hentry","category-noticias-destacadas"],"cc_featured_image_caption":{"caption_text":"El seleccionado de atletismo partiendo desde Ezeiza.","source_text":"","source_url":""},"_links":{"self":[{"href":"https:\/\/todoapulmon-rafaela.com\/index.php\/wp-json\/wp\/v2\/posts\/28467"}],"collection":[{"href":"https:\/\/todoapulmon-rafaela.com\/index.php\/wp-json\/wp\/v2\/posts"}],"about":[{"href":"https:\/\/todoapulmon-rafaela.com\/index.php\/wp-json\/wp\/v2\/types\/post"}],"author":[{"embeddable":true,"href":"https:\/\/todoapulmon-rafaela.com\/index.php\/wp-json\/wp\/v2\/users\/2"}],"replies":[{"embeddable":true,"href":"https:\/\/todoapulmon-rafaela.com\/index.php\/wp-json\/wp\/v2\/comments?post=28467"}],"version-history":[{"count":3,"href":"https:\/\/todoapulmon-rafaela.com\/index.php\/wp-json\/wp\/v2\/posts\/28467\/revisions"}],"predecessor-version":[{"id":28471,"href":"https:\/\/todoapulmon-rafaela.com\/index.php\/wp-json\/wp\/v2\/posts\/28467\/revisions\/28471"}],"wp:featuredmedia":[{"embeddable":true,"href":"https:\/\/todoapulmon-rafaela.com\/index.php\/wp-json\/wp\/v2\/media\/28468"}],"wp:attachment":[{"href":"https:\/\/todoapulmon-rafaela.com\/index.php\/wp-json\/wp\/v2\/media?parent=28467"}],"wp:term":[{"taxonomy":"category","embeddable":true,"href":"https:\/\/todoapulmon-rafaela.com\/index.php\/wp-json\/wp\/v2\/categories?post=28467"},{"taxonomy":"post_tag","embeddable":true,"href":"https:\/\/todoapulmon-rafaela.com\/index.php\/wp-json\/wp\/v2\/tags?post=28467"}],"curies":[{"name":"wp","href":"https:\/\/api.w.org\/{rel}","templated":true}]}}