{"id":28447,"date":"2021-11-23T02:52:10","date_gmt":"2021-11-23T02:52:10","guid":{"rendered":"https:\/\/todoapulmon-rafaela.com\/?p=28447"},"modified":"2021-11-23T02:52:10","modified_gmt":"2021-11-23T02:52:10","slug":"candela-gentinetta-fue-confirmada-para-el-3x3-de-los-panamericanos-juveniles","status":"publish","type":"post","link":"https:\/\/todoapulmon-rafaela.com\/index.php\/2021\/11\/23\/candela-gentinetta-fue-confirmada-para-el-3x3-de-los-panamericanos-juveniles\/","title":{"rendered":"Candela Gentinetta fue confirmada para el 3&#215;3 de los Panamericanos Juveniles"},"content":{"rendered":"<p>La Confederaci\u00f3n Argentina de B\u00e1squetbol se tom\u00f3 su tiempo, pero a pocos d\u00edas del comienzo de los Juegos Panamericanos de la Juventud confirm\u00f3 los planteles para Cali 2021. Finalmente Candela Gentinetta ser\u00e1 parte del equipo que estar\u00e1 en tierras colombianas. <strong>El evento se desarrollar\u00e1 del 25 de noviembre al 5 de diciembre, pero el b\u00e1squetbol reci\u00e9n ver\u00e1 acci\u00f3n a partir del 2\/12 y hasta el 5.<\/strong><\/p>\n<p>La rafaelina ya estuvo en la AmeriCup de Miami y al regreso volvi\u00f3 con su club a la Liga Nacional Femenina, mencionando que Berazategui ya se asegur\u00f3 el 1 de la fase regular.<\/p>\n<p>El certamen de los varones en Colombia estar\u00e1 compuesto por 16 equipos distribuidos en cuatro grupos. En el caso de las chicas habr\u00e1 12 elencos tambi\u00e9n divididos en cuatro zonas. Durante las dos primeras jornadas se disputar\u00e1 la fase regular. Los dos mejores clasificados de cada zona acceder\u00e1n a los cuartos de final del 4\/12, donde tambi\u00e9n se desarrollar\u00e1n los partidos por la reclasificaci\u00f3n y las semifinales. Los duelos por las medallas y el shoot-out mixto ser\u00e1n al d\u00eda siguiente.<\/p>\n<p>En caso de los varones, conducidos por Luciano Sant\u00edn, habr\u00e1 dos cambios. Ingresan Felipe Bonfigli y Alejo Dig\u00f3n en lugar de Tom\u00e1s Ricci y Jorge Quercetti. Los chicos integrar\u00e1n el Grupo D junto a Santa Luc\u00eda, M\u00e9xico y Chile. El debut llegar\u00e1 el 2\/12 ante M\u00e9xico a las 21.30 de nuestro pa\u00eds. A la siguiente jornada enfrentar\u00e1n a Chile y cerrar\u00e1n la fase de grupos ante Santa Luc\u00eda.<\/p>\n<p>En la rama femenina, Argentina, que viene de meterse entre los ocho mejores de la AmeriCup en Miami, ser\u00e1 parte del Grupo D junto a Brasil y Hait\u00ed. Sof\u00eda Acevedo y Georgina Buzzetti ingresar\u00e1n en lugar de Sof\u00eda Wolf y Agustina Jourdheuil. El debut de las dirigidas por Sof\u00eda Castillo ser\u00e1 el 2\/12 ante Hait\u00ed a las 23.30, hora de nuestro pa\u00eds. Al d\u00eda siguiente enfrentar\u00e1n a Brasil desde las 22.30.<\/p>\n<p><strong>RAMA FEMENINA<\/strong><br \/>\n<em>PLANTEL<\/em><br \/>\nGeorgina Buzzetti | Pivote | 1.87 metros | 18 a\u00f1os | Ferro<br \/>\nSof\u00eda Acevedo | Base | 1.66 metros | 20 a\u00f1os | Los Indios de Moreno<br \/>\nCandela Gentinetta | Alera | 1.78 metros | 20 a\u00f1os | Deportivo Berazategui<br \/>\nCandela Foresto | Base | 1.61 metros | 22 a\u00f1os | Deportivo Berazategui<br \/>\n<em>CRONOGRAMA<\/em><br \/>\n02\/12 \u2013 23.30hs: vs Hait\u00ed<br \/>\n03\/12 \u2013 22.30hs: vs Brasil<\/p>\n<p><strong>RAMA MASCULINA<\/strong><br \/>\n<em>PLANTEL<\/em><br \/>\nTom\u00e1s G\u00f3mez Colloca | Alero | 1.94 metros | 21 a\u00f1os | River Plate<br \/>\nFelipe Bonfigli | Ala pivote | 1.97 metros | 21 a\u00f1os | River Plate<br \/>\nJoaqu\u00edn Ortiz | Escolta | 1.87 metros | 20 a\u00f1os | Temperley<br \/>\nAlejo Dig\u00f3n | Alero | 1.92 metros | 22 a\u00f1os | Obras Basket<br \/>\n<em>CRONOGRAMA<\/em><br \/>\n02\/12 \u2013 21.30hs: vs M\u00e9xico<br \/>\n03\/12 \u2013 14.30hs: vs Chile<br \/>\n03\/12 \u2013 18.30hs: vs Santa Luc\u00eda.<\/p>\n","protected":false},"excerpt":{"rendered":"<p>La Confederaci\u00f3n Argentina de B\u00e1squetbol se tom\u00f3 su tiempo, pero a pocos d\u00edas del comienzo de los Juegos Panamericanos de<\/p>\n","protected":false},"author":2,"featured_media":28448,"comment_status":"open","ping_status":"open","sticky":false,"template":"","format":"standard","meta":{"footnotes":""},"categories":[5,24],"tags":[],"class_list":["post-28447","post","type-post","status-publish","format-standard","has-post-thumbnail","hentry","category-basquet","category-noticias-destacadas"],"cc_featured_image_caption":{"caption_text":"","source_text":"","source_url":""},"_links":{"self":[{"href":"https:\/\/todoapulmon-rafaela.com\/index.php\/wp-json\/wp\/v2\/posts\/28447"}],"collection":[{"href":"https:\/\/todoapulmon-rafaela.com\/index.php\/wp-json\/wp\/v2\/posts"}],"about":[{"href":"https:\/\/todoapulmon-rafaela.com\/index.php\/wp-json\/wp\/v2\/types\/post"}],"author":[{"embeddable":true,"href":"https:\/\/todoapulmon-rafaela.com\/index.php\/wp-json\/wp\/v2\/users\/2"}],"replies":[{"embeddable":true,"href":"https:\/\/todoapulmon-rafaela.com\/index.php\/wp-json\/wp\/v2\/comments?post=28447"}],"version-history":[{"count":1,"href":"https:\/\/todoapulmon-rafaela.com\/index.php\/wp-json\/wp\/v2\/posts\/28447\/revisions"}],"predecessor-version":[{"id":28449,"href":"https:\/\/todoapulmon-rafaela.com\/index.php\/wp-json\/wp\/v2\/posts\/28447\/revisions\/28449"}],"wp:featuredmedia":[{"embeddable":true,"href":"https:\/\/todoapulmon-rafaela.com\/index.php\/wp-json\/wp\/v2\/media\/28448"}],"wp:attachment":[{"href":"https:\/\/todoapulmon-rafaela.com\/index.php\/wp-json\/wp\/v2\/media?parent=28447"}],"wp:term":[{"taxonomy":"category","embeddable":true,"href":"https:\/\/todoapulmon-rafaela.com\/index.php\/wp-json\/wp\/v2\/categories?post=28447"},{"taxonomy":"post_tag","embeddable":true,"href":"https:\/\/todoapulmon-rafaela.com\/index.php\/wp-json\/wp\/v2\/tags?post=28447"}],"curies":[{"name":"wp","href":"https:\/\/api.w.org\/{rel}","templated":true}]}}