{"id":2821,"date":"2016-09-29T00:13:36","date_gmt":"2016-09-29T00:13:36","guid":{"rendered":"http:\/\/todoapulmon-rafaela.com\/?p=2821"},"modified":"2016-09-29T00:13:36","modified_gmt":"2016-09-29T00:13:36","slug":"pedro-emmert-y-su-nueva-experiencia-internacional","status":"publish","type":"post","link":"https:\/\/todoapulmon-rafaela.com\/index.php\/2016\/09\/29\/pedro-emmert-y-su-nueva-experiencia-internacional\/","title":{"rendered":"Pedro Emmert y su nueva experiencia internacional"},"content":{"rendered":"<p>A pocas horas de su regreso de Chile, donde intervino en el triatl\u00f3n de Rap<span class=\"text_exposed_show\">el con la selecci\u00f3n argentina juvenil del proyecto Buenos Aires 2018, Pedro Emmert fue nuestro invitado, junto a su padre Alberto, este mi\u00e9rcoles en Todo a Pulm\u00f3n radio. <\/span><\/p>\n<p><span class=\"text_exposed_show\">El deportista rafaelino nos cont\u00f3 sobre esta valiosa experiencia internacional y sus sensaciones de vivir un proceso tan importante para estos j\u00f3venes que sue\u00f1an con estar en dos a\u00f1os en un Juego Ol\u00edmpico juvenil. En esta prueba, una inoportuna pinchadura en la parte de ciclismo, producto del deterioro de parte del recorrido, determin\u00f3 que no pudiera sostener su aspiraci\u00f3n de terminar en una mejor posici\u00f3n.<\/span><\/p>\n<p>Los chicos argentinos, de 14 y 15 a\u00f1os, compitieron junto a los mayores en una prueba que concentr\u00f3 a unos 150 participantes.<\/p>\n<p>Aqu\u00ed el audio de la nota:<\/p>\n<!--[if lt IE 9]><script>document.createElement('audio');<\/script><![endif]-->\n<audio class=\"wp-audio-shortcode\" id=\"audio-2821-1\" preload=\"none\" style=\"width: 100%;\" controls=\"controls\"><source type=\"audio\/mpeg\" src=\"http:\/\/todoapulmon-rafaela.com\/wp-content\/uploads\/2016\/09\/28-9-16-BETO-Y-PEDRO.mp3?_=1\" \/><a href=\"http:\/\/todoapulmon-rafaela.com\/wp-content\/uploads\/2016\/09\/28-9-16-BETO-Y-PEDRO.mp3\">http:\/\/todoapulmon-rafaela.com\/wp-content\/uploads\/2016\/09\/28-9-16-BETO-Y-PEDRO.mp3<\/a><\/audio>\n<p>&nbsp;<\/p>\n","protected":false},"excerpt":{"rendered":"<p>A pocas horas de su regreso de Chile, donde intervino en el triatl\u00f3n de Rapel con la selecci\u00f3n argentina juvenil<\/p>\n","protected":false},"author":2,"featured_media":2822,"comment_status":"open","ping_status":"open","sticky":false,"template":"","format":"standard","meta":{"footnotes":""},"categories":[24,1],"tags":[],"class_list":["post-2821","post","type-post","status-publish","format-standard","has-post-thumbnail","hentry","category-noticias-destacadas","category-sin-categoria"],"cc_featured_image_caption":{"caption_text":"Pedro Emmert expres\u00f3 con mucha claridad sus sensaciones sobre este feliz presente en el triatl\u00f3n.","source_text":"","source_url":""},"_links":{"self":[{"href":"https:\/\/todoapulmon-rafaela.com\/index.php\/wp-json\/wp\/v2\/posts\/2821"}],"collection":[{"href":"https:\/\/todoapulmon-rafaela.com\/index.php\/wp-json\/wp\/v2\/posts"}],"about":[{"href":"https:\/\/todoapulmon-rafaela.com\/index.php\/wp-json\/wp\/v2\/types\/post"}],"author":[{"embeddable":true,"href":"https:\/\/todoapulmon-rafaela.com\/index.php\/wp-json\/wp\/v2\/users\/2"}],"replies":[{"embeddable":true,"href":"https:\/\/todoapulmon-rafaela.com\/index.php\/wp-json\/wp\/v2\/comments?post=2821"}],"version-history":[{"count":1,"href":"https:\/\/todoapulmon-rafaela.com\/index.php\/wp-json\/wp\/v2\/posts\/2821\/revisions"}],"predecessor-version":[{"id":2824,"href":"https:\/\/todoapulmon-rafaela.com\/index.php\/wp-json\/wp\/v2\/posts\/2821\/revisions\/2824"}],"wp:featuredmedia":[{"embeddable":true,"href":"https:\/\/todoapulmon-rafaela.com\/index.php\/wp-json\/wp\/v2\/media\/2822"}],"wp:attachment":[{"href":"https:\/\/todoapulmon-rafaela.com\/index.php\/wp-json\/wp\/v2\/media?parent=2821"}],"wp:term":[{"taxonomy":"category","embeddable":true,"href":"https:\/\/todoapulmon-rafaela.com\/index.php\/wp-json\/wp\/v2\/categories?post=2821"},{"taxonomy":"post_tag","embeddable":true,"href":"https:\/\/todoapulmon-rafaela.com\/index.php\/wp-json\/wp\/v2\/tags?post=2821"}],"curies":[{"name":"wp","href":"https:\/\/api.w.org\/{rel}","templated":true}]}}