{"id":28182,"date":"2021-11-08T12:21:26","date_gmt":"2021-11-08T12:21:26","guid":{"rendered":"https:\/\/todoapulmon-rafaela.com\/?p=28182"},"modified":"2021-11-08T12:21:26","modified_gmt":"2021-11-08T12:21:26","slug":"varios-titulos-y-clasificados-de-cras-en-el-provincial-u16","status":"publish","type":"post","link":"https:\/\/todoapulmon-rafaela.com\/index.php\/2021\/11\/08\/varios-titulos-y-clasificados-de-cras-en-el-provincial-u16\/","title":{"rendered":"Varios t\u00edtulos y clasificados de CRAS en el Provincial U16"},"content":{"rendered":"<p>Se realiz\u00f3 en San Guillermo este fin de semana el Campeonato Provincial U16 de Atletismo, clasificatorio para el Campeonato Nacional que se realizar\u00e1 en C\u00f3rdoba el s\u00e1bado y domingo venideros.<\/p>\n<p>El Club Rafaelino de Atletismo y Servicios particip\u00f3 con una nutrida cantidad de representantes, que tuvieron destacadas performances. Este es el detalle de los resultados de los atletas del CRAS:<\/p>\n<p>DEL ENTRENADOR ARIEL MAGALLANES<\/p>\n<p>Florencia Tellini: Campeona provincial de heptatlon.<br \/>\nYazmina Rose: Campeona provincial de Lanzamiento de MartilloU16 . Clasificada al Nacional U16.<\/p>\n<p>DEL ENTRENADOR LEANDRO BONAMINO<\/p>\n<p>Antonella Toledo: Campeona Provincial en Salto Triple; Campeona Provincial en Salto en Alto; Campeona Provincial en 80m c\/vallas<br \/>\nClasificada al Nacional U16.<\/p>\n<p>Margarita Sismondi: Subcampeona Provincial en Salto Triple; Subcampeona en 80m c\/vallas<br \/>\nClasificada al Nacional U16.<\/p>\n<p>Lola Herrero: Subcampeona Provincial en 3000m.<br \/>\nClasificada al Nacional U16.<\/p>\n<p>Valentina Okon: Campeona Provincial en 80m ll; Campeona Provincial en 200m ll; 4\u00b0 puesto en 600m ll.<br \/>\nClasificada al Nacional U16.<\/p>\n<figure id=\"attachment_28184\" aria-describedby=\"caption-attachment-28184\" style=\"width: 720px\" class=\"wp-caption alignnone\"><img loading=\"lazy\" decoding=\"async\" class=\"size-full wp-image-28184\" src=\"https:\/\/todoapulmon-rafaela.com\/wp-content\/uploads\/2021\/11\/Screenshot_20211108-090552_Instagram1.jpg\" alt=\"\" width=\"720\" height=\"338\" srcset=\"https:\/\/todoapulmon-rafaela.com\/wp-content\/uploads\/2021\/11\/Screenshot_20211108-090552_Instagram1.jpg 720w, https:\/\/todoapulmon-rafaela.com\/wp-content\/uploads\/2021\/11\/Screenshot_20211108-090552_Instagram1-300x141.jpg 300w\" sizes=\"(max-width: 720px) 100vw, 720px\" \/><figcaption id=\"caption-attachment-28184\" class=\"wp-caption-text\">Valentina Okon<\/figcaption><\/figure>\n<p>Mar\u00eda Jos\u00e9 Orellana: Campeona Provincial en lanzamiento de Bala; Sub campeona en lanzamiento de Disco.<br \/>\n3\u00b0 en lanzamiento de Martillo.<\/p>\n<p>Ana Paula Herrera: Campeona Provincial en Lanzamiento de Disco; Subcampeona Provincial en Lanzamiento de Martillo.<\/p>\n<p>Angelo Tuninetti: Subcampe\u00f3n Provincial en Salto Triple. Subcampe\u00f3n Provincial en 600m ll.<\/p>\n<p><img loading=\"lazy\" decoding=\"async\" class=\"alignnone size-full wp-image-28185\" src=\"https:\/\/todoapulmon-rafaela.com\/wp-content\/uploads\/2021\/11\/Screenshot_20211108-091609_Instagram1.jpg\" alt=\"\" width=\"714\" height=\"355\" srcset=\"https:\/\/todoapulmon-rafaela.com\/wp-content\/uploads\/2021\/11\/Screenshot_20211108-091609_Instagram1.jpg 714w, https:\/\/todoapulmon-rafaela.com\/wp-content\/uploads\/2021\/11\/Screenshot_20211108-091609_Instagram1-300x149.jpg 300w\" sizes=\"(max-width: 714px) 100vw, 714px\" \/><\/p>\n<p>Santiago Daperno: Subcampe\u00f3n Provincial en 80m ll; 3\u00b0 puesto en Salto en Largo.<\/p>\n<p>Bruno Borghesi: 3\u00b0 puesto en 80m ll; 3\u00b0 en 80m c\/vallas.<\/p>\n","protected":false},"excerpt":{"rendered":"<p>Se realiz\u00f3 en San Guillermo este fin de semana el Campeonato Provincial U16 de Atletismo, clasificatorio para el Campeonato Nacional<\/p>\n","protected":false},"author":2,"featured_media":28183,"comment_status":"open","ping_status":"open","sticky":false,"template":"","format":"standard","meta":{"footnotes":""},"categories":[7,24],"tags":[],"class_list":["post-28182","post","type-post","status-publish","format-standard","has-post-thumbnail","hentry","category-atletismo","category-noticias-destacadas"],"cc_featured_image_caption":{"caption_text":"El entrenador Ariel Magallanes junto a Yazmina Rose y Florencia Tellini (foto prensa CRAS).","source_text":"","source_url":""},"_links":{"self":[{"href":"https:\/\/todoapulmon-rafaela.com\/index.php\/wp-json\/wp\/v2\/posts\/28182"}],"collection":[{"href":"https:\/\/todoapulmon-rafaela.com\/index.php\/wp-json\/wp\/v2\/posts"}],"about":[{"href":"https:\/\/todoapulmon-rafaela.com\/index.php\/wp-json\/wp\/v2\/types\/post"}],"author":[{"embeddable":true,"href":"https:\/\/todoapulmon-rafaela.com\/index.php\/wp-json\/wp\/v2\/users\/2"}],"replies":[{"embeddable":true,"href":"https:\/\/todoapulmon-rafaela.com\/index.php\/wp-json\/wp\/v2\/comments?post=28182"}],"version-history":[{"count":1,"href":"https:\/\/todoapulmon-rafaela.com\/index.php\/wp-json\/wp\/v2\/posts\/28182\/revisions"}],"predecessor-version":[{"id":28186,"href":"https:\/\/todoapulmon-rafaela.com\/index.php\/wp-json\/wp\/v2\/posts\/28182\/revisions\/28186"}],"wp:featuredmedia":[{"embeddable":true,"href":"https:\/\/todoapulmon-rafaela.com\/index.php\/wp-json\/wp\/v2\/media\/28183"}],"wp:attachment":[{"href":"https:\/\/todoapulmon-rafaela.com\/index.php\/wp-json\/wp\/v2\/media?parent=28182"}],"wp:term":[{"taxonomy":"category","embeddable":true,"href":"https:\/\/todoapulmon-rafaela.com\/index.php\/wp-json\/wp\/v2\/categories?post=28182"},{"taxonomy":"post_tag","embeddable":true,"href":"https:\/\/todoapulmon-rafaela.com\/index.php\/wp-json\/wp\/v2\/tags?post=28182"}],"curies":[{"name":"wp","href":"https:\/\/api.w.org\/{rel}","templated":true}]}}