{"id":28157,"date":"2021-11-07T18:33:15","date_gmt":"2021-11-07T18:33:15","guid":{"rendered":"https:\/\/todoapulmon-rafaela.com\/?p=28157"},"modified":"2021-11-07T18:33:15","modified_gmt":"2021-11-07T18:33:15","slug":"undecimo-puesto-para-benja-castillo-molina-en-el-nacional-de-cross-country","status":"publish","type":"post","link":"https:\/\/todoapulmon-rafaela.com\/index.php\/2021\/11\/07\/undecimo-puesto-para-benja-castillo-molina-en-el-nacional-de-cross-country\/","title":{"rendered":"Und\u00e9cimo puesto para Benja Castillo Molina en el Nacional de Cross Country"},"content":{"rendered":"<p>Este domingo se celebr\u00f3 el Campeonato Nacional de Cross Country en la ciudad de Balcarce, provincia de Buenos Aires.<br \/>\nEl atleta lehmennse Benjam\u00edm Castillo Molina finaliz\u00f3 en el 11\u00b0 lugar en Categor\u00eda U18 (sobre 6.000 metros), en una carrera ganada por el cordob\u00e9s Lorenzo Riba con 21m05s. Segundo fue Jonatan Guti\u00e9rrez (Catamarca) y tercero Erian Uruzina (Buenos Aires).<\/p>\n<p><img loading=\"lazy\" decoding=\"async\" class=\"alignnone size-full wp-image-28159\" src=\"https:\/\/todoapulmon-rafaela.com\/wp-content\/uploads\/2021\/11\/Benja-Castillo-Nacional.jpg\" alt=\"\" width=\"720\" height=\"1280\" srcset=\"https:\/\/todoapulmon-rafaela.com\/wp-content\/uploads\/2021\/11\/Benja-Castillo-Nacional.jpg 720w, https:\/\/todoapulmon-rafaela.com\/wp-content\/uploads\/2021\/11\/Benja-Castillo-Nacional-169x300.jpg 169w\" sizes=\"(max-width: 720px) 100vw, 720px\" \/><br \/>\nNo fueron buenas las sensaciones en esta oportunidad del representante de Santa Fe, ya que expres\u00f3 que \u00abdesde antes de largar no estaba c\u00f3modo, no me sent\u00eda del todo bien, intent\u00e9 estar en el pelot\u00f3n de punta, y hasta promediando la carrera, pude mantenerme, pero con muchos dolores musculares y m\u00e1s en los brazos. Despu\u00e9s luch\u00e9 m\u00e1s con mi cabeza para mantenerme en carrera y llegar al final\u00bb, expres\u00f3 Benjam\u00edn.<br \/>\nUna nueva experiencia que seguramente servir\u00e1 para seguir aprendiendo y para buscar revancha en el futuro pr\u00f3ximo.<\/p>\n<p>El tiempo del atleta lehmense fue de 22m58s.<\/p>\n","protected":false},"excerpt":{"rendered":"<p>Este domingo se celebr\u00f3 el Campeonato Nacional de Cross Country en la ciudad de Balcarce, provincia de Buenos Aires. El<\/p>\n","protected":false},"author":2,"featured_media":28158,"comment_status":"open","ping_status":"open","sticky":false,"template":"","format":"standard","meta":{"footnotes":""},"categories":[7],"tags":[],"class_list":["post-28157","post","type-post","status-publish","format-standard","has-post-thumbnail","hentry","category-atletismo"],"cc_featured_image_caption":{"caption_text":"Foto Gentileza Luis Castillo","source_text":"","source_url":""},"_links":{"self":[{"href":"https:\/\/todoapulmon-rafaela.com\/index.php\/wp-json\/wp\/v2\/posts\/28157"}],"collection":[{"href":"https:\/\/todoapulmon-rafaela.com\/index.php\/wp-json\/wp\/v2\/posts"}],"about":[{"href":"https:\/\/todoapulmon-rafaela.com\/index.php\/wp-json\/wp\/v2\/types\/post"}],"author":[{"embeddable":true,"href":"https:\/\/todoapulmon-rafaela.com\/index.php\/wp-json\/wp\/v2\/users\/2"}],"replies":[{"embeddable":true,"href":"https:\/\/todoapulmon-rafaela.com\/index.php\/wp-json\/wp\/v2\/comments?post=28157"}],"version-history":[{"count":1,"href":"https:\/\/todoapulmon-rafaela.com\/index.php\/wp-json\/wp\/v2\/posts\/28157\/revisions"}],"predecessor-version":[{"id":28160,"href":"https:\/\/todoapulmon-rafaela.com\/index.php\/wp-json\/wp\/v2\/posts\/28157\/revisions\/28160"}],"wp:featuredmedia":[{"embeddable":true,"href":"https:\/\/todoapulmon-rafaela.com\/index.php\/wp-json\/wp\/v2\/media\/28158"}],"wp:attachment":[{"href":"https:\/\/todoapulmon-rafaela.com\/index.php\/wp-json\/wp\/v2\/media?parent=28157"}],"wp:term":[{"taxonomy":"category","embeddable":true,"href":"https:\/\/todoapulmon-rafaela.com\/index.php\/wp-json\/wp\/v2\/categories?post=28157"},{"taxonomy":"post_tag","embeddable":true,"href":"https:\/\/todoapulmon-rafaela.com\/index.php\/wp-json\/wp\/v2\/tags?post=28157"}],"curies":[{"name":"wp","href":"https:\/\/api.w.org\/{rel}","templated":true}]}}