{"id":28091,"date":"2021-11-03T11:49:15","date_gmt":"2021-11-03T11:49:15","guid":{"rendered":"https:\/\/todoapulmon-rafaela.com\/?p=28091"},"modified":"2021-11-03T11:59:50","modified_gmt":"2021-11-03T11:59:50","slug":"mondino-en-el-equipo-nacional-para-los-panamericanos-de-cali","status":"publish","type":"post","link":"https:\/\/todoapulmon-rafaela.com\/index.php\/2021\/11\/03\/mondino-en-el-equipo-nacional-para-los-panamericanos-de-cali\/","title":{"rendered":"Mondino en el equipo nacional para los Panamericanos de Cali"},"content":{"rendered":"<p>El rafaelino Tom\u00e1s Mondino fue confirmado para integrar la delegaci\u00f3n argentina de atletismo en los Juegos Panamericanos Juveniles a realizarse en Cali, Colombia. Dentro de la especificaci\u00f3n de pruebas, fue incluido en los 100 metros llanos y la posta 4&#215;100.<\/p>\n<p>Un total de veintiocho atletas, once mujeres y diecisiete varones conformar\u00e1n el seleccionado. Cabe mencionar que originalmente Tomy y otros chicos no ten\u00edan previsto participar porque por ranking Panamericano iban a quedar afuera del torneo (en Aletismo es hasta Sub 23), pero la baja de Canad\u00e1 y Estados Unidos liber\u00f3 cupos. As\u00ed Argentina podr\u00e1 ir con un equipo m\u00e1s numeroso.<\/p>\n<p>La n\u00f3mina es la siguiente:<\/p>\n<p><strong>ATLETAS<\/strong><\/p>\n<table width=\"815\">\n<tbody>\n<tr>\n<td width=\"283\"><strong>Nombre y Apellido<\/strong><\/td>\n<td width=\"189\"><strong>Prueba<\/strong><\/td>\n<td width=\"236\"><strong>Entrenador<\/strong><\/td>\n<td width=\"106\"><strong>Fed.<\/strong><\/td>\n<\/tr>\n<tr>\n<td width=\"283\"><strong>GUILLERMINA COSSIO<\/strong><\/td>\n<td width=\"189\"><strong>100mts<\/strong><\/td>\n<td width=\"236\"><strong>ANDRES GIOVANETTI<\/strong><\/td>\n<td width=\"106\"><strong>SF<\/strong><\/td>\n<\/tr>\n<tr>\n<td width=\"283\"><strong>SOFIA IVANKO<\/strong><\/td>\n<td width=\"189\"><strong>10000mts<\/strong><\/td>\n<td width=\"236\"><strong>CESAR ROCES<\/strong><\/td>\n<td width=\"106\"><strong>FAM<\/strong><\/td>\n<\/tr>\n<tr>\n<td width=\"283\"><strong>VALENTINA POLANCO<\/strong><\/td>\n<td width=\"189\"><strong>100 c\/vallas<\/strong><\/td>\n<td width=\"236\"><strong>PEDRO NADAL<\/strong><\/td>\n<td width=\"106\"><strong>SL<\/strong><\/td>\n<\/tr>\n<tr>\n<td width=\"283\"><strong>LUCIANA GOMEZ IRIONDO<\/strong><\/td>\n<td width=\"189\"><strong>GARROCHA<\/strong><\/td>\n<td width=\"236\"><strong>MAXIMILIANO TRONCOSO<\/strong><\/td>\n<td width=\"106\"><strong>SF<\/strong><\/td>\n<\/tr>\n<tr>\n<td width=\"283\"><strong>AGUSTINA MORAGA<\/strong><\/td>\n<td width=\"189\"><strong>JABALINA<\/strong><\/td>\n<td width=\"236\"><strong>SEBASTIAN FERNANDEZ<\/strong><\/td>\n<td width=\"106\"><strong>NEU<\/strong><\/td>\n<\/tr>\n<tr>\n<td width=\"283\"><strong>ALDANA GARIBALDI<\/strong><\/td>\n<td width=\"189\"><strong>GARROCHA<\/strong><\/td>\n<td width=\"236\"><strong>MAXIMILIANO TRONCOSO<\/strong><\/td>\n<td width=\"106\"><strong>SF<\/strong><\/td>\n<\/tr>\n<tr>\n<td width=\"283\"><strong>CLARA BAIOCCHI<\/strong><\/td>\n<td width=\"189\"><strong>3000 C\/OBS<\/strong><\/td>\n<td width=\"236\"><strong>PATRICIA SAMPIETRO<\/strong><\/td>\n<td width=\"106\"><strong>COR<\/strong><\/td>\n<\/tr>\n<tr>\n<td width=\"283\"><strong>FRANCO FLORIO<\/strong><\/td>\n<td width=\"189\"><strong>100\/4X100<\/strong><\/td>\n<td width=\"236\"><strong>IGNACIO PIGNATARO<\/strong><\/td>\n<td width=\"106\"><strong>FAM<\/strong><\/td>\n<\/tr>\n<tr>\n<td width=\"283\"><strong>AGUSTIN PINTI<\/strong><\/td>\n<td width=\"189\"><strong>200\/4X100<\/strong><\/td>\n<td width=\"236\"><strong>PAOLA ABREGO<\/strong><\/td>\n<td width=\"106\"><strong>MZA<\/strong><\/td>\n<\/tr>\n<tr>\n<td width=\"283\"><strong>JOAQUINA DURA<\/strong><\/td>\n<td width=\"189\"><strong>TRIPLE<\/strong><\/td>\n<td width=\"236\"><strong>FEDERICO ACHA<\/strong><\/td>\n<td width=\"106\"><strong>BA<\/strong><\/td>\n<\/tr>\n<tr>\n<td width=\"283\"><strong>TOMAS MONDINO<\/strong><\/td>\n<td width=\"189\"><strong>100\/4X100<\/strong><\/td>\n<td width=\"236\"><strong>CEFERINO MONDINO<\/strong><\/td>\n<td width=\"106\"><strong>SF<\/strong><\/td>\n<\/tr>\n<tr>\n<td width=\"283\"><strong>ELIAN LARREGINA<\/strong><\/td>\n<td width=\"189\"><strong>400\/4X100<\/strong><\/td>\n<td width=\"236\"><strong>JAVIER MORILLAS<\/strong><\/td>\n<td width=\"106\"><strong>FAM<\/strong><\/td>\n<\/tr>\n<tr>\n<td width=\"283\"><strong>BAUTISTA DIAMANTE<\/strong><\/td>\n<td width=\"189\"><strong>200\/4X100<\/strong><\/td>\n<td width=\"236\"><strong>HUGO GOMEZ<\/strong><\/td>\n<td width=\"106\"><strong>FAM<\/strong><\/td>\n<\/tr>\n<tr>\n<td width=\"283\"><strong>JOSE ZABALA<\/strong><\/td>\n<td width=\"189\"><strong>1500mts<\/strong><\/td>\n<td width=\"236\"><strong>DARIO NU\u00d1EZ<\/strong><\/td>\n<td width=\"106\"><strong>SF<\/strong><\/td>\n<\/tr>\n<tr>\n<td width=\"283\"><strong>LEANDRO PEREZ LAZARTE<\/strong><\/td>\n<td width=\"189\"><strong>1500mts<\/strong><\/td>\n<td width=\"236\"><strong>EZEQUIEL MONIN<\/strong><\/td>\n<td width=\"106\"><strong>BA<\/strong><\/td>\n<\/tr>\n<tr>\n<td width=\"283\"><strong>MATIAS REYNAGA<\/strong><\/td>\n<td width=\"189\"><strong>5000mts<\/strong><\/td>\n<td width=\"236\"><strong>LEONARDO MALGOR<\/strong><\/td>\n<td width=\"106\"><strong>SAL<\/strong><\/td>\n<\/tr>\n<tr>\n<td width=\"283\"><strong>DYLAN VAN DER HOCK<\/strong><\/td>\n<td width=\"189\"><strong>3000 C\/OBS<\/strong><\/td>\n<td width=\"236\"><strong>ENRIQUE DA COSTA LEITES<\/strong><\/td>\n<td width=\"106\"><strong>ER<\/strong><\/td>\n<\/tr>\n<tr>\n<td width=\"283\"><strong>TOMAS VEGA<\/strong><\/td>\n<td width=\"189\"><strong>3000 C\/OBS<\/strong><\/td>\n<td width=\"236\"><strong>EMIR SOSA<\/strong><\/td>\n<td width=\"106\"><strong>BA<\/strong><\/td>\n<\/tr>\n<tr>\n<td width=\"283\"><strong>DAMIAN MORETTA<\/strong><\/td>\n<td width=\"189\"><strong>DECATLON-4\u00d7100<\/strong><\/td>\n<td width=\"236\"><strong>JAVIER MORILLAS<\/strong><\/td>\n<td width=\"106\"><strong>FAM<\/strong><\/td>\n<\/tr>\n<tr>\n<td width=\"283\"><strong>NAZARENO SASIA<\/strong><\/td>\n<td width=\"189\"><strong>BALA-DISCO<\/strong><\/td>\n<td width=\"236\"><strong>SERGIO ALFONSINI<\/strong><\/td>\n<td width=\"106\"><strong>ER<\/strong><\/td>\n<\/tr>\n<tr>\n<td width=\"283\"><strong>JULIO NOBILE<\/strong><\/td>\n<td width=\"189\"><strong>MARTILLO<\/strong><\/td>\n<td width=\"236\"><strong>BRUNO MOSIMANN<\/strong><\/td>\n<td width=\"106\"><strong>SF<\/strong><\/td>\n<\/tr>\n<tr>\n<td width=\"283\"><strong>PABLO ZAFFARONI<\/strong><\/td>\n<td width=\"189\"><strong>GARROCHA<\/strong><\/td>\n<td width=\"236\"><strong>MARIA DE LA PAZ SCHOREDER<\/strong><\/td>\n<td width=\"106\"><strong>ER<\/strong><\/td>\n<\/tr>\n<tr>\n<td width=\"283\"><strong>LUCIANA GENNARI<\/strong><\/td>\n<td width=\"189\"><strong>TRIPLE<\/strong><\/td>\n<td width=\"236\"><strong>CARLOS VISENTINI<\/strong><\/td>\n<td width=\"106\"><strong>SAL<\/strong><\/td>\n<\/tr>\n<tr>\n<td width=\"283\"><strong>MARIAM BUENANUEVA<\/strong><\/td>\n<td width=\"189\"><strong>HEPTATLON<\/strong><\/td>\n<td width=\"236\"><strong>CLAUDIO RODRIGUEZ<\/strong><\/td>\n<td width=\"106\"><strong>COR<\/strong><\/td>\n<\/tr>\n<tr>\n<td width=\"283\"><strong>ESTEBAN ANGULO<\/strong><\/td>\n<td width=\"189\"><strong>10000mts<\/strong><\/td>\n<td width=\"236\"><strong>CRISTIAN CROBAT<\/strong><\/td>\n<td width=\"106\"><strong>SAL<\/strong><\/td>\n<\/tr>\n<tr>\n<td width=\"283\"><strong>MARIA EUGENIA FAIRHURST AGOSTA<\/strong><\/td>\n<td width=\"189\"><strong>1500mts<\/strong><\/td>\n<td width=\"236\"><strong>JULIO C\u00c1CERES<\/strong><\/td>\n<td width=\"106\"><strong>FAM<\/strong><\/td>\n<\/tr>\n<tr>\n<td width=\"283\"><strong>ESTANISLAO MENDIVIL<\/strong><\/td>\n<td width=\"189\"><strong>800mts<\/strong><\/td>\n<td width=\"236\"><strong>MATIAS GALARDI<\/strong><\/td>\n<td width=\"106\"><strong>FAM<\/strong><\/td>\n<\/tr>\n<tr>\n<td width=\"283\"><strong>SEBASTIAN TOMMASI<\/strong><\/td>\n<td width=\"189\"><strong>MARTILLO<\/strong><\/td>\n<td width=\"236\"><strong>CRISTIAN FERNANDEZ<\/strong><\/td>\n<td width=\"106\"><strong>ER<\/strong><\/td>\n<\/tr>\n<\/tbody>\n<\/table>\n<p><strong>\u00a0<\/strong><\/p>\n<p><strong>OFICIALES<\/strong><\/p>\n<table width=\"815\">\n<tbody>\n<tr>\n<td width=\"189\"><strong>Funci\u00f3n<\/strong><\/td>\n<td width=\"281\"><strong>Nombre y Apellido<\/strong><\/td>\n<td width=\"238\"><strong>Responsable de<\/strong><\/td>\n<td width=\"106\"><strong>Fed<\/strong><\/td>\n<\/tr>\n<tr>\n<td width=\"189\"><strong>JEFE DE EQUIPO<\/strong><\/td>\n<td width=\"281\"><strong>FERNANDO DIAZ SANCHEZ<\/strong><\/td>\n<td width=\"238\"><strong>MEDIO FONDO Y FONDO<\/strong><\/td>\n<td width=\"106\"><strong>FAM<\/strong><\/td>\n<\/tr>\n<tr>\n<td width=\"189\"><strong>JEFE TECNICO<\/strong><\/td>\n<td width=\"281\"><strong>DANIEL MANFREDI<\/strong><\/td>\n<td width=\"238\"><strong>COMBINADAS<\/strong><\/td>\n<td width=\"106\"><strong>COR<\/strong><\/td>\n<\/tr>\n<tr>\n<td width=\"189\"><strong>OFICIAL<\/strong><\/td>\n<td width=\"281\"><strong>SERGIO ALFONSINI<\/strong><\/td>\n<td width=\"238\"><strong>LANZAMIENTOS<\/strong><\/td>\n<td width=\"106\"><strong>ER<\/strong><\/td>\n<\/tr>\n<tr>\n<td width=\"189\"><strong>OFICIAL<\/strong><\/td>\n<td width=\"281\"><strong>MAXIMILIANO TRONCOSO<\/strong><\/td>\n<td width=\"238\"><strong>SALTOS<\/strong><\/td>\n<td width=\"106\"><strong>SF<\/strong><\/td>\n<\/tr>\n<tr>\n<td width=\"189\"><strong>OFICIAL<\/strong><\/td>\n<td width=\"281\"><strong>NADYA PAOLA\u00a0 ABREGO FEDERICCI<\/strong><\/td>\n<td width=\"238\"><strong>VELOCIDAD<\/strong><\/td>\n<td width=\"106\"><strong>MZA<\/strong><\/td>\n<\/tr>\n<\/tbody>\n<\/table>\n<p>&nbsp;<\/p>\n","protected":false},"excerpt":{"rendered":"<p>El rafaelino Tom\u00e1s Mondino fue confirmado para integrar la delegaci\u00f3n argentina de atletismo en los Juegos Panamericanos Juveniles a realizarse<\/p>\n","protected":false},"author":2,"featured_media":28092,"comment_status":"open","ping_status":"open","sticky":false,"template":"","format":"standard","meta":{"footnotes":""},"categories":[7,24],"tags":[],"class_list":["post-28091","post","type-post","status-publish","format-standard","has-post-thumbnail","hentry","category-atletismo","category-noticias-destacadas"],"cc_featured_image_caption":{"caption_text":"","source_text":"","source_url":""},"_links":{"self":[{"href":"https:\/\/todoapulmon-rafaela.com\/index.php\/wp-json\/wp\/v2\/posts\/28091"}],"collection":[{"href":"https:\/\/todoapulmon-rafaela.com\/index.php\/wp-json\/wp\/v2\/posts"}],"about":[{"href":"https:\/\/todoapulmon-rafaela.com\/index.php\/wp-json\/wp\/v2\/types\/post"}],"author":[{"embeddable":true,"href":"https:\/\/todoapulmon-rafaela.com\/index.php\/wp-json\/wp\/v2\/users\/2"}],"replies":[{"embeddable":true,"href":"https:\/\/todoapulmon-rafaela.com\/index.php\/wp-json\/wp\/v2\/comments?post=28091"}],"version-history":[{"count":3,"href":"https:\/\/todoapulmon-rafaela.com\/index.php\/wp-json\/wp\/v2\/posts\/28091\/revisions"}],"predecessor-version":[{"id":28095,"href":"https:\/\/todoapulmon-rafaela.com\/index.php\/wp-json\/wp\/v2\/posts\/28091\/revisions\/28095"}],"wp:featuredmedia":[{"embeddable":true,"href":"https:\/\/todoapulmon-rafaela.com\/index.php\/wp-json\/wp\/v2\/media\/28092"}],"wp:attachment":[{"href":"https:\/\/todoapulmon-rafaela.com\/index.php\/wp-json\/wp\/v2\/media?parent=28091"}],"wp:term":[{"taxonomy":"category","embeddable":true,"href":"https:\/\/todoapulmon-rafaela.com\/index.php\/wp-json\/wp\/v2\/categories?post=28091"},{"taxonomy":"post_tag","embeddable":true,"href":"https:\/\/todoapulmon-rafaela.com\/index.php\/wp-json\/wp\/v2\/tags?post=28091"}],"curies":[{"name":"wp","href":"https:\/\/api.w.org\/{rel}","templated":true}]}}