{"id":28057,"date":"2021-11-02T13:18:57","date_gmt":"2021-11-02T13:18:57","guid":{"rendered":"https:\/\/todoapulmon-rafaela.com\/?p=28057"},"modified":"2021-11-02T13:24:44","modified_gmt":"2021-11-02T13:24:44","slug":"benjamin-castillo-molina-en-el-nacional-de-cross-country","status":"publish","type":"post","link":"https:\/\/todoapulmon-rafaela.com\/index.php\/2021\/11\/02\/benjamin-castillo-molina-en-el-nacional-de-cross-country\/","title":{"rendered":"Benjam\u00edn Castillo Molina en el Nacional de Cross Country"},"content":{"rendered":"<p>El domingo 7 de noviembre se realizar\u00e1 en Balcarce el 46\u00ba Campeonato Nacional de Cross Country, una de las disciplinas a la que la CADA pretende darle impulso m\u00e1s all\u00e1 de algunas idas y vueltas sobre la sede en estas \u00faltimas semanas.<\/p>\n<p>La Federaci\u00f3n Santafesina de Atletismo design\u00f3 el equipo oficial de la provincia, en el cual estar\u00e1 el lehmense Benjam\u00edn Castillo Molina en la categor\u00eda Sub 18, tras el campeonato provincial logrado en San Guillermo. Su padre Luis estar\u00e1 como uno de los oficiales a cargo de la delegaci\u00f3n.<\/p>\n<p>El circuito se ubicar\u00e1 dentro de las instalaciones del Complejo Polideportivo Municipal de Balcarce y cumplir\u00e1 con todas las condiciones establecidas en las Reglas de Competencia y T\u00e9cnicas de World Athletics y en el reglamento t\u00e9cnico de la C.A.D.A. Su extensi\u00f3n es de 2 km.<\/p>\n<p><strong>ATLETAS<\/strong><\/p>\n<p><strong>U23 10 Km<\/strong><\/p>\n<p>Burquin Aylen\u00a0 \u00a0\u00a0\u00a0\u00a0\u00a0\u00a0\u00a0\u00a0\u00a0\u00a0\u00a0\u00a0\u00a0\u00a0\u00a0\u00a0\u00a0\u00a0\u00a0\u00a0 ARDA<\/p>\n<p>Zabala Santiago \u00a0\u00a0\u00a0\u00a0\u00a0\u00a0\u00a0\u00a0\u00a0\u00a0\u00a0\u00a0\u00a0\u00a0\u00a0\u00a0\u00a0\u00a0\u00a0 ASA<\/p>\n<p><strong>U20\u00a0\u00a0\u00a0\u00a0 8 Km<\/strong><\/p>\n<p>Olid Bautista\u00a0 \u00a0\u00a0\u00a0\u00a0\u00a0\u00a0\u00a0\u00a0\u00a0\u00a0\u00a0\u00a0\u00a0\u00a0\u00a0\u00a0\u00a0\u00a0\u00a0\u00a0\u00a0\u00a0\u00a0\u00a0\u00a0\u00a0\u00a0\u00a0\u00a0\u00a0\u00a0\u00a0\u00a0\u00a0 ARDA<\/p>\n<p><strong>U18\u00a0\u00a0\u00a0\u00a0 4 Km \/ 6 Km<\/strong><\/p>\n<p>Ramirez Sheila\u00a0 \u00a0\u00a0\u00a0\u00a0\u00a0\u00a0\u00a0\u00a0\u00a0\u00a0\u00a0\u00a0\u00a0\u00a0\u00a0\u00a0\u00a0\u00a0\u00a0\u00a0 ARDA<\/p>\n<p>Castillo Molina\u00a0 Benjam\u00edn\u00a0\u00a0\u00a0\u00a0 ADACA<\/p>\n<p><strong>U16\u00a0\u00a0\u00a0\u00a0 2.5 Km \/ 3 Km<\/strong><\/p>\n<p><strong>\u00a0<\/strong>Caligaris Nobile\u00a0 Agostina\u00a0 \u00a0\u00a0 ARDA<\/p>\n<p>Bravo Guillermo\u00a0 \u00a0\u00a0\u00a0\u00a0\u00a0\u00a0\u00a0\u00a0\u00a0\u00a0\u00a0\u00a0\u00a0\u00a0\u00a0\u00a0\u00a0 ANSA\u00a0 \u00a0 \u00a0 \u00a0 \u00a0 \u00a0\u00a0<strong>\u00a0<\/strong><\/p>\n<p><strong>OFICIALES<\/strong><\/p>\n<p>Mahon Pamela\u00a0\u00a0\u00a0\u00a0\u00a0\u00a0\u00a0\u00a0\u00a0\u00a0\u00a0\u00a0\u00a0\u00a0\u00a0\u00a0\u00a0\u00a0\u00a0\u00a0\u00a0\u00a0 ARDA<\/p>\n<p>Castillo Luis Ra\u00fal\u00a0\u00a0\u00a0\u00a0\u00a0\u00a0\u00a0\u00a0\u00a0\u00a0\u00a0\u00a0\u00a0\u00a0\u00a0\u00a0\u00a0 ADACA.<\/p>\n<p>PROGRAMA HORARIO<\/p>\n<p>09:00 Concentraci\u00f3n y Acto Protocolar<br \/>\n09:40 8 Km Varones U20 (09:20 C\u00e1mara de llamada)<br \/>\n10:30 6 Km Mujeres U20 (10:10 C\u00e1mara de llamada)<br \/>\n11:10 6 Km Varones U18 (10:50 C\u00e1mara de llamada)<br \/>\n11:50 4 Km Mujeres U18 (11:30 C\u00e1mara de llamada)<br \/>\n12:15 RECESO<br \/>\n15:30 3 Km Mujeres U16 (15:10 C\u00e1mara de llamada)<br \/>\n15:55 3 Km Varones U16 (15:35 C\u00e1mara de llamada)<br \/>\n16:20 10 Km Mujeres U23 y Mayores (16:00 C\u00e1mara de llamada)<br \/>\n17:15 10 Km Varones U23 y Mayores (16:55 C\u00e1mara de llamada).<\/p>\n<p>&nbsp;<\/p>\n<p>&nbsp;<\/p>\n","protected":false},"excerpt":{"rendered":"<p>El domingo 7 de noviembre se realizar\u00e1 en Balcarce el 46\u00ba Campeonato Nacional de Cross Country, una de las disciplinas<\/p>\n","protected":false},"author":2,"featured_media":28058,"comment_status":"open","ping_status":"open","sticky":false,"template":"","format":"standard","meta":{"footnotes":""},"categories":[7,24],"tags":[],"class_list":["post-28057","post","type-post","status-publish","format-standard","has-post-thumbnail","hentry","category-atletismo","category-noticias-destacadas"],"cc_featured_image_caption":{"caption_text":"","source_text":"","source_url":""},"_links":{"self":[{"href":"https:\/\/todoapulmon-rafaela.com\/index.php\/wp-json\/wp\/v2\/posts\/28057"}],"collection":[{"href":"https:\/\/todoapulmon-rafaela.com\/index.php\/wp-json\/wp\/v2\/posts"}],"about":[{"href":"https:\/\/todoapulmon-rafaela.com\/index.php\/wp-json\/wp\/v2\/types\/post"}],"author":[{"embeddable":true,"href":"https:\/\/todoapulmon-rafaela.com\/index.php\/wp-json\/wp\/v2\/users\/2"}],"replies":[{"embeddable":true,"href":"https:\/\/todoapulmon-rafaela.com\/index.php\/wp-json\/wp\/v2\/comments?post=28057"}],"version-history":[{"count":4,"href":"https:\/\/todoapulmon-rafaela.com\/index.php\/wp-json\/wp\/v2\/posts\/28057\/revisions"}],"predecessor-version":[{"id":28062,"href":"https:\/\/todoapulmon-rafaela.com\/index.php\/wp-json\/wp\/v2\/posts\/28057\/revisions\/28062"}],"wp:featuredmedia":[{"embeddable":true,"href":"https:\/\/todoapulmon-rafaela.com\/index.php\/wp-json\/wp\/v2\/media\/28058"}],"wp:attachment":[{"href":"https:\/\/todoapulmon-rafaela.com\/index.php\/wp-json\/wp\/v2\/media?parent=28057"}],"wp:term":[{"taxonomy":"category","embeddable":true,"href":"https:\/\/todoapulmon-rafaela.com\/index.php\/wp-json\/wp\/v2\/categories?post=28057"},{"taxonomy":"post_tag","embeddable":true,"href":"https:\/\/todoapulmon-rafaela.com\/index.php\/wp-json\/wp\/v2\/tags?post=28057"}],"curies":[{"name":"wp","href":"https:\/\/api.w.org\/{rel}","templated":true}]}}