{"id":2801,"date":"2016-09-27T23:49:18","date_gmt":"2016-09-27T23:49:18","guid":{"rendered":"http:\/\/todoapulmon-rafaela.com\/?p=2801"},"modified":"2016-09-27T23:49:18","modified_gmt":"2016-09-27T23:49:18","slug":"de-la-arv-a-la-superliga-nacional","status":"publish","type":"post","link":"https:\/\/todoapulmon-rafaela.com\/index.php\/2016\/09\/27\/de-la-arv-a-la-superliga-nacional\/","title":{"rendered":"De la ARV a la Superliga nacional"},"content":{"rendered":"<p>De cara a la segunda edici\u00f3n de la Superliga femenina de voleibol, el Club Estudiantes de La Plata anunci\u00f3 hace pocos d\u00edas la incorporaci\u00f3n de Josefina Jappert, jugadora de la localidad de Santa Clara de Saguier y que realiz\u00f3 los primeros a\u00f1os de su formaci\u00f3n en la disciplina en el Club Sportivo Santa Clara, en los torneos de la Asociaci\u00f3n Rafaelina.<br \/>\nJosefina Jappert tiene 17 a\u00f1os y se desempe\u00f1a como central en el Club 9 de Julio de Freyre. La juvenil se consagr\u00f3 recientemente con la Selecci\u00f3n cordobesa en el \u00faltimo Nacional sub19.<br \/>\n\u201cLa verdad que un poco ansiosa, siempre tratando de dar lo mejor y esperando que se pueda hacer un buen torneo. Tengo que aprovechar esta oportunidad, es muy importante y estoy contenta. A pesar que el nivel de juego sea muy distinto, creo que puedo estar a la altura\u201d.<br \/>\nPensando en un futuro no muy lejano, se anim\u00f3 a so\u00f1ar: \u201cEstar\u00eda muy bueno poder jugar la Liga (Liga Argentina) con Estudiantes y espero que se pueda dar\u201d, expres\u00f3 en declaraciones al sitio web de Estudiantes de La Plata.<\/p>\n<p>Cabe mencionar que Jappert particip\u00f3 recientemente de una concentraci\u00f3n con la selecci\u00f3n argentina juvenil en el CENARD, lo cual certifica sus posibilidades de disputar alguna competencia internacional.<br \/>\nLA TERCERA<\/p>\n<p>Josefina es la tercer jugadora con origen en la Asociaci\u00f3n Rafaelina de Voley que disputa el m\u00e1ximo torneo de clubes de nuestro pa\u00eds. En a\u00f1os anteriores lo hab\u00edan logrado Josefina Colsani (Gimnasia y Esgrima de Santa Fe) y Ayl\u00e9n Ponso (Olimpo de Bah\u00eda Blanca y Villa Dora de Santa Fe).<\/p>\n","protected":false},"excerpt":{"rendered":"<p>De cara a la segunda edici\u00f3n de la Superliga femenina de voleibol, el Club Estudiantes de La Plata anunci\u00f3 hace<\/p>\n","protected":false},"author":2,"featured_media":2799,"comment_status":"open","ping_status":"open","sticky":false,"template":"","format":"standard","meta":{"footnotes":""},"categories":[24,16],"tags":[],"class_list":["post-2801","post","type-post","status-publish","format-standard","has-post-thumbnail","hentry","category-noticias-destacadas","category-voley"],"cc_featured_image_caption":{"caption_text":"Ser\u00e1 una gran oportunidad de seguir creciendo deportivamente para Josefina Jappert (foto web Estudiantes).","source_text":"","source_url":""},"_links":{"self":[{"href":"https:\/\/todoapulmon-rafaela.com\/index.php\/wp-json\/wp\/v2\/posts\/2801"}],"collection":[{"href":"https:\/\/todoapulmon-rafaela.com\/index.php\/wp-json\/wp\/v2\/posts"}],"about":[{"href":"https:\/\/todoapulmon-rafaela.com\/index.php\/wp-json\/wp\/v2\/types\/post"}],"author":[{"embeddable":true,"href":"https:\/\/todoapulmon-rafaela.com\/index.php\/wp-json\/wp\/v2\/users\/2"}],"replies":[{"embeddable":true,"href":"https:\/\/todoapulmon-rafaela.com\/index.php\/wp-json\/wp\/v2\/comments?post=2801"}],"version-history":[{"count":1,"href":"https:\/\/todoapulmon-rafaela.com\/index.php\/wp-json\/wp\/v2\/posts\/2801\/revisions"}],"predecessor-version":[{"id":2802,"href":"https:\/\/todoapulmon-rafaela.com\/index.php\/wp-json\/wp\/v2\/posts\/2801\/revisions\/2802"}],"wp:featuredmedia":[{"embeddable":true,"href":"https:\/\/todoapulmon-rafaela.com\/index.php\/wp-json\/wp\/v2\/media\/2799"}],"wp:attachment":[{"href":"https:\/\/todoapulmon-rafaela.com\/index.php\/wp-json\/wp\/v2\/media?parent=2801"}],"wp:term":[{"taxonomy":"category","embeddable":true,"href":"https:\/\/todoapulmon-rafaela.com\/index.php\/wp-json\/wp\/v2\/categories?post=2801"},{"taxonomy":"post_tag","embeddable":true,"href":"https:\/\/todoapulmon-rafaela.com\/index.php\/wp-json\/wp\/v2\/tags?post=2801"}],"curies":[{"name":"wp","href":"https:\/\/api.w.org\/{rel}","templated":true}]}}