{"id":27985,"date":"2021-10-30T13:50:29","date_gmt":"2021-10-30T13:50:29","guid":{"rendered":"https:\/\/todoapulmon-rafaela.com\/?p=27985"},"modified":"2021-10-30T13:50:29","modified_gmt":"2021-10-30T13:50:29","slug":"la-seleccion-juvenil-de-la-usr-concentra-en-san-vicente-con-ocho-jugadores-de-crar","status":"publish","type":"post","link":"https:\/\/todoapulmon-rafaela.com\/index.php\/2021\/10\/30\/la-seleccion-juvenil-de-la-usr-concentra-en-san-vicente-con-ocho-jugadores-de-crar\/","title":{"rendered":"La selecci\u00f3n juvenil de la USR concentra en San Vicente con ocho jugadores de CRAR"},"content":{"rendered":"<p>De cara al Campeonato Argentino que se disputar\u00e1 en Santa Fe del 7 al 13 de noviembre, el seleccionado juvenil M18 de la Uni\u00f3n Santafesina de rugby concentrar\u00e1 este s\u00e1bado y domingo en San Vicente, en las instalaciones del Club Brown.<\/p>\n<p>El debut en el Argentino est\u00e1 previsto para el domingo 7 de noviembre a las 16.30, en cancha de Universitario de Santa Fe, frente al representativo de la Uni\u00f3n Cordobesa, siendo partidos de 60 minutos, con dos tiempos de 30 minutos cada uno seg\u00fan estableci\u00f3 la UAR.<\/p>\n<p>Como viene sucediendo desde hace varios a\u00f1os a esta parte, el C\u00edrculo Rafaelino de Rugby tiene una nutrida convocatoria, con 8 jugadores en este proceso. Cabe mencionar tambi\u00e9n la presencia de Diego Acosta como uno de los integrantes del cuerpo t\u00e9cnico.<\/p>\n<p>El plantel que viaj\u00f3 a San Vicente es el siguiente: forwards: Facundo Scarp\u00edn (Alma Juniors), Francisco Forgioni (CRAI), Mart\u00edn Barberis (CRAR), Juan Casals (Santa Fe Rugby), Felipe Moretti (Cha Roga), Tiziano Hang (CRAR), Marcos Leguizam\u00f3n (Universitario); Augusto Labath (CRAI), Julio Tejerina (CRAI), Facundo M\u00fcller (Alma Juniors), Emiliano Zalazar (CRAI), Ian Trossero (CRAR), Franco Peloso (Santa Fe Rugby), Axel Rista (Alma Juniors) e Ignacio Sapino (CRAR).<\/p>\n<p>Backs: Ger\u00f3nimo Paz (CRAI), Santiago Mendicino (Santa Fe Rugby), Mateo Fauda (CRAI), Genaro Giombi (CRAI), Tom\u00e1s Bogari (La Salle Jobson), Luca Pecce (CRAI), Agust\u00edn Gimenez (CRAI), Juli\u00e1n V\u00e1zquez (CRAR), Tom\u00e1s Ferrero (CRAR), Tob\u00edas Caballo (CRAR), Emanuel Piris (La Salle Jobson), Guillermo Mariano (Santa Fe RC), Justo Gonz\u00e1lez Viescas (CRAI), y Agust\u00edn Cesano (CRAR).<\/p>\n","protected":false},"excerpt":{"rendered":"<p>De cara al Campeonato Argentino que se disputar\u00e1 en Santa Fe del 7 al 13 de noviembre, el seleccionado juvenil<\/p>\n","protected":false},"author":2,"featured_media":27986,"comment_status":"open","ping_status":"open","sticky":false,"template":"","format":"standard","meta":{"footnotes":""},"categories":[24,2],"tags":[],"class_list":["post-27985","post","type-post","status-publish","format-standard","has-post-thumbnail","hentry","category-noticias-destacadas","category-rugby"],"cc_featured_image_caption":{"caption_text":"Uno de los amistosos previos jugados entre Santa Fe y Entre R\u00edos (foto Tercer Tiempo)","source_text":"","source_url":""},"_links":{"self":[{"href":"https:\/\/todoapulmon-rafaela.com\/index.php\/wp-json\/wp\/v2\/posts\/27985"}],"collection":[{"href":"https:\/\/todoapulmon-rafaela.com\/index.php\/wp-json\/wp\/v2\/posts"}],"about":[{"href":"https:\/\/todoapulmon-rafaela.com\/index.php\/wp-json\/wp\/v2\/types\/post"}],"author":[{"embeddable":true,"href":"https:\/\/todoapulmon-rafaela.com\/index.php\/wp-json\/wp\/v2\/users\/2"}],"replies":[{"embeddable":true,"href":"https:\/\/todoapulmon-rafaela.com\/index.php\/wp-json\/wp\/v2\/comments?post=27985"}],"version-history":[{"count":1,"href":"https:\/\/todoapulmon-rafaela.com\/index.php\/wp-json\/wp\/v2\/posts\/27985\/revisions"}],"predecessor-version":[{"id":27987,"href":"https:\/\/todoapulmon-rafaela.com\/index.php\/wp-json\/wp\/v2\/posts\/27985\/revisions\/27987"}],"wp:featuredmedia":[{"embeddable":true,"href":"https:\/\/todoapulmon-rafaela.com\/index.php\/wp-json\/wp\/v2\/media\/27986"}],"wp:attachment":[{"href":"https:\/\/todoapulmon-rafaela.com\/index.php\/wp-json\/wp\/v2\/media?parent=27985"}],"wp:term":[{"taxonomy":"category","embeddable":true,"href":"https:\/\/todoapulmon-rafaela.com\/index.php\/wp-json\/wp\/v2\/categories?post=27985"},{"taxonomy":"post_tag","embeddable":true,"href":"https:\/\/todoapulmon-rafaela.com\/index.php\/wp-json\/wp\/v2\/tags?post=27985"}],"curies":[{"name":"wp","href":"https:\/\/api.w.org\/{rel}","templated":true}]}}