{"id":27874,"date":"2021-10-24T17:35:12","date_gmt":"2021-10-24T17:35:12","guid":{"rendered":"https:\/\/todoapulmon-rafaela.com\/?p=27874"},"modified":"2021-10-24T17:36:28","modified_gmt":"2021-10-24T17:36:28","slug":"una-linda-manana-de-running-en-el-autodromo-celebrando-los-140-anos-de-rafaela","status":"publish","type":"post","link":"https:\/\/todoapulmon-rafaela.com\/index.php\/2021\/10\/24\/una-linda-manana-de-running-en-el-autodromo-celebrando-los-140-anos-de-rafaela\/","title":{"rendered":"Una linda ma\u00f1ana de running en el aut\u00f3dromo celebrando los 140 a\u00f1os de Rafaela"},"content":{"rendered":"<p>Este domingo 24 de octubre se realiz\u00f3 en el aut\u00f3dromo \u00abCiudad de Rafaela\u00bb una prueba presencial de los 5, 10 y 21k \u00abHomenaje a Daniel Far\u00edas\u00bb, en el marco de la agenda de festejos de la Municipalidad de Rafaela por el 140 Aniversario de la ciudad.<\/p>\n<p>Cabe acotar que los protagonistas compitieron con la aplicaci\u00f3n utilizada en esta segunda edici\u00f3n consecutiva de modalidad virtual, debido a la pandemia, tal lo dispuesto por el municipio. Por lo tanto, m\u00e1s all\u00e1 de las ubicaciones que se dieron en la ma\u00f1ana, habr\u00e1 que aguardar cuando en las pr\u00f3ximas horas se informen los resultados oficiales de quienes hicieron esta edici\u00f3n en distintos lugares.<\/p>\n<p><img loading=\"lazy\" decoding=\"async\" class=\"alignnone size-medium wp-image-27877\" src=\"https:\/\/todoapulmon-rafaela.com\/wp-content\/uploads\/2021\/10\/Pua-autodromo_resultado-300x225.jpg\" alt=\"\" width=\"300\" height=\"225\" srcset=\"https:\/\/todoapulmon-rafaela.com\/wp-content\/uploads\/2021\/10\/Pua-autodromo_resultado-300x225.jpg 300w, https:\/\/todoapulmon-rafaela.com\/wp-content\/uploads\/2021\/10\/Pua-autodromo_resultado-1536x1152.jpg 1536w, https:\/\/todoapulmon-rafaela.com\/wp-content\/uploads\/2021\/10\/Pua-autodromo_resultado.jpg 1600w\" sizes=\"(max-width: 300px) 100vw, 300px\" \/><img loading=\"lazy\" decoding=\"async\" class=\"alignnone size-medium wp-image-27878\" src=\"https:\/\/todoapulmon-rafaela.com\/wp-content\/uploads\/2021\/10\/Visconti-llegada_resultado-300x225.jpg\" alt=\"\" width=\"300\" height=\"225\" srcset=\"https:\/\/todoapulmon-rafaela.com\/wp-content\/uploads\/2021\/10\/Visconti-llegada_resultado-300x225.jpg 300w, https:\/\/todoapulmon-rafaela.com\/wp-content\/uploads\/2021\/10\/Visconti-llegada_resultado-1536x1152.jpg 1536w, https:\/\/todoapulmon-rafaela.com\/wp-content\/uploads\/2021\/10\/Visconti-llegada_resultado.jpg 1600w\" sizes=\"(max-width: 300px) 100vw, 300px\" \/><img loading=\"lazy\" decoding=\"async\" class=\"alignnone size-medium wp-image-27879\" src=\"https:\/\/todoapulmon-rafaela.com\/wp-content\/uploads\/2021\/10\/Cuarteto_resultado-300x225.jpg\" alt=\"\" width=\"300\" height=\"225\" srcset=\"https:\/\/todoapulmon-rafaela.com\/wp-content\/uploads\/2021\/10\/Cuarteto_resultado-300x225.jpg 300w, https:\/\/todoapulmon-rafaela.com\/wp-content\/uploads\/2021\/10\/Cuarteto_resultado-1536x1152.jpg 1536w, https:\/\/todoapulmon-rafaela.com\/wp-content\/uploads\/2021\/10\/Cuarteto_resultado.jpg 1600w\" sizes=\"(max-width: 300px) 100vw, 300px\" \/><img loading=\"lazy\" decoding=\"async\" class=\"alignnone size-medium wp-image-27880\" src=\"https:\/\/todoapulmon-rafaela.com\/wp-content\/uploads\/2021\/10\/Trio-Feliz_resultado-300x229.jpg\" alt=\"\" width=\"300\" height=\"229\" srcset=\"https:\/\/todoapulmon-rafaela.com\/wp-content\/uploads\/2021\/10\/Trio-Feliz_resultado-300x229.jpg 300w, https:\/\/todoapulmon-rafaela.com\/wp-content\/uploads\/2021\/10\/Trio-Feliz_resultado-1536x1171.jpg 1536w, https:\/\/todoapulmon-rafaela.com\/wp-content\/uploads\/2021\/10\/Trio-Feliz_resultado.jpg 1574w\" sizes=\"(max-width: 300px) 100vw, 300px\" \/><\/p>\n<p>En los 21k arrib\u00f3 primero Juan P\u00faa con 1h19m25s, mientras que luego arrib\u00f3 Romano Maza. En los 10k (distancia donde mayor cantidad de participantes hubo) lleg\u00f3 en primer t\u00e9rmino Rodrigo Visconti con 37m18s.<\/p>\n<p>Junto a los runners, hubo una buena cantidad de acompa\u00f1antes que estuvieron alentando a los corredores y una importante colaboraci\u00f3n de distintos grupos e instituciones locales. En la parte final de la ma\u00f1ana se realizaron sorteos.<\/p>\n<p><img loading=\"lazy\" decoding=\"async\" class=\"alignnone size-medium wp-image-27881\" src=\"https:\/\/todoapulmon-rafaela.com\/wp-content\/uploads\/2021\/10\/Podio_resultado-300x225.jpg\" alt=\"\" width=\"300\" height=\"225\" srcset=\"https:\/\/todoapulmon-rafaela.com\/wp-content\/uploads\/2021\/10\/Podio_resultado-300x225.jpg 300w, https:\/\/todoapulmon-rafaela.com\/wp-content\/uploads\/2021\/10\/Podio_resultado-1536x1152.jpg 1536w, https:\/\/todoapulmon-rafaela.com\/wp-content\/uploads\/2021\/10\/Podio_resultado.jpg 1600w\" sizes=\"(max-width: 300px) 100vw, 300px\" \/><img loading=\"lazy\" decoding=\"async\" class=\"alignnone size-medium wp-image-27882\" src=\"https:\/\/todoapulmon-rafaela.com\/wp-content\/uploads\/2021\/10\/Maza_resultado-300x225.jpg\" alt=\"\" width=\"300\" height=\"225\" srcset=\"https:\/\/todoapulmon-rafaela.com\/wp-content\/uploads\/2021\/10\/Maza_resultado-300x225.jpg 300w, https:\/\/todoapulmon-rafaela.com\/wp-content\/uploads\/2021\/10\/Maza_resultado-1536x1152.jpg 1536w, https:\/\/todoapulmon-rafaela.com\/wp-content\/uploads\/2021\/10\/Maza_resultado.jpg 1600w\" sizes=\"(max-width: 300px) 100vw, 300px\" \/><\/p>\n<p>Asistieron autoridades encabezadas por el intendente Luis Castellano, el Subsecretario de Salud, Mart\u00edn Racca y otros funcionarios. Tambi\u00e9n estuvo presente la Subsecretaria de Deportes de la Provincia, Florencia Molinero.<\/p>\n<p>En nuestra Fan Page Revista Todo a Pulm\u00f3n Rafaela y en el Instagram Revistatodoapulmon2062 m\u00e1s fotos y notas en video de esta prueba.<\/p>\n","protected":false},"excerpt":{"rendered":"<p>Este domingo 24 de octubre se realiz\u00f3 en el aut\u00f3dromo \u00abCiudad de Rafaela\u00bb una prueba presencial de los 5, 10<\/p>\n","protected":false},"author":2,"featured_media":27876,"comment_status":"open","ping_status":"open","sticky":false,"template":"","format":"standard","meta":{"footnotes":""},"categories":[7,24],"tags":[],"class_list":["post-27874","post","type-post","status-publish","format-standard","has-post-thumbnail","hentry","category-atletismo","category-noticias-destacadas"],"cc_featured_image_caption":{"caption_text":"","source_text":"","source_url":""},"_links":{"self":[{"href":"https:\/\/todoapulmon-rafaela.com\/index.php\/wp-json\/wp\/v2\/posts\/27874"}],"collection":[{"href":"https:\/\/todoapulmon-rafaela.com\/index.php\/wp-json\/wp\/v2\/posts"}],"about":[{"href":"https:\/\/todoapulmon-rafaela.com\/index.php\/wp-json\/wp\/v2\/types\/post"}],"author":[{"embeddable":true,"href":"https:\/\/todoapulmon-rafaela.com\/index.php\/wp-json\/wp\/v2\/users\/2"}],"replies":[{"embeddable":true,"href":"https:\/\/todoapulmon-rafaela.com\/index.php\/wp-json\/wp\/v2\/comments?post=27874"}],"version-history":[{"count":3,"href":"https:\/\/todoapulmon-rafaela.com\/index.php\/wp-json\/wp\/v2\/posts\/27874\/revisions"}],"predecessor-version":[{"id":27884,"href":"https:\/\/todoapulmon-rafaela.com\/index.php\/wp-json\/wp\/v2\/posts\/27874\/revisions\/27884"}],"wp:featuredmedia":[{"embeddable":true,"href":"https:\/\/todoapulmon-rafaela.com\/index.php\/wp-json\/wp\/v2\/media\/27876"}],"wp:attachment":[{"href":"https:\/\/todoapulmon-rafaela.com\/index.php\/wp-json\/wp\/v2\/media?parent=27874"}],"wp:term":[{"taxonomy":"category","embeddable":true,"href":"https:\/\/todoapulmon-rafaela.com\/index.php\/wp-json\/wp\/v2\/categories?post=27874"},{"taxonomy":"post_tag","embeddable":true,"href":"https:\/\/todoapulmon-rafaela.com\/index.php\/wp-json\/wp\/v2\/tags?post=27874"}],"curies":[{"name":"wp","href":"https:\/\/api.w.org\/{rel}","templated":true}]}}