{"id":27772,"date":"2021-10-20T00:20:54","date_gmt":"2021-10-20T00:20:54","guid":{"rendered":"https:\/\/todoapulmon-rafaela.com\/?p=27772"},"modified":"2021-10-20T00:21:10","modified_gmt":"2021-10-20T00:21:10","slug":"27772","status":"publish","type":"post","link":"https:\/\/todoapulmon-rafaela.com\/index.php\/2021\/10\/20\/27772\/","title":{"rendered":"Fue presentado el seleccionado Femenino de la Liga Rafaelina"},"content":{"rendered":"<p>Este martes se realiz\u00f3 en la sede de la Liga Rafaelina de F\u00fatbol, la presentaci\u00f3n del seleccionado femenino que el fin de semana tomar\u00e1 parte del Campeonato Provincial organizado por la Federaci\u00f3n Santafesina, formando parte de la zona Clasificatoria en Vera.<br \/>\nLas 18 futbolistas m\u00e1s el cuerpo t\u00e9cnico encabezado por Susana Guti\u00e9rrez y Juan Wabeke fueron aplaudidos por los delegados de clubes y dirigentes de la Mesa Directiva presentes, encabezados por el presidente Fabi\u00e1n Zbrun. Tambi\u00e9n estuvo acompa\u00f1ando este momento el Subsecretario de Deportes de la Municipalidad de Rafaela, Ignacio Podio.<\/p>\n<div style=\"width: 800px;\" class=\"wp-video\"><!--[if lt IE 9]><script>document.createElement('video');<\/script><![endif]-->\n<video class=\"wp-video-shortcode\" id=\"video-27772-1\" width=\"800\" height=\"450\" preload=\"metadata\" controls=\"controls\"><source type=\"video\/mp4\" src=\"https:\/\/todoapulmon-rafaela.com\/wp-content\/uploads\/2021\/10\/20211019_1954551.mp4?_=1\" \/><a href=\"https:\/\/todoapulmon-rafaela.com\/wp-content\/uploads\/2021\/10\/20211019_1954551.mp4\">https:\/\/todoapulmon-rafaela.com\/wp-content\/uploads\/2021\/10\/20211019_1954551.mp4<\/a><\/video><\/div>\n<p>Arqueras<\/p>\n<p>Patricia Reno (Ben Hur)<br \/>\nMar\u00eda Roldan (9 de julio)<\/p>\n<p>Defensoras<br \/>\nFlorencia G\u00f3mez (9 de julio)<br \/>\nErica C\u00f3rdoba (9 de julio)<br \/>\nSabrina Jalil (Atl\u00e9tico de Rafaela)<br \/>\nMarina Yacob (Ben Hur)<br \/>\nEvangelina Gianastasio (Ben Hur)<br \/>\nSilvana Diaz (Ferro Dho de San Crist\u00f3bal)<br \/>\nSilvia Yoffen (Ferro Dho de San Crist\u00f3bal)<\/p>\n<p>Volantes<br \/>\nEliana Lopez (Atl\u00e9tico de Rafaela)<br \/>\nEmilce Albornoz (Atl\u00e9tico de Rafaela)<br \/>\nMarianela Gauna (Atl\u00e9tico de Rafaela)<br \/>\nLeonela Cejas (9 de julio)<br \/>\nGabriela Panelli (9 de julio)<br \/>\nAlejandra Toledo (Deportivo Libertad de Sunchales)<br \/>\nYoana Taborda (Ferro Dho de San Crist\u00f3bal)<\/p>\n<p>Delanteras<br \/>\nCeleste Roldan (Argentino de Vila)<br \/>\nGimena Cecotti ( Ferro Dho)<\/p>\n<p>CUERPO T\u00c9CNICO<br \/>\nSusana Gutierrez (DT)<br \/>\nJuan Wabeque (DT)<br \/>\nGianluca Viotti (Kinesiologo)<br \/>\nMelisa Albrecht (Auxiliar).<\/p>\n<p><img loading=\"lazy\" decoding=\"async\" class=\"alignnone size-medium wp-image-27773\" src=\"https:\/\/todoapulmon-rafaela.com\/wp-content\/uploads\/2021\/10\/Fixture-Femenino-300x157.jpg\" alt=\"\" width=\"300\" height=\"157\" srcset=\"https:\/\/todoapulmon-rafaela.com\/wp-content\/uploads\/2021\/10\/Fixture-Femenino-300x157.jpg 300w, https:\/\/todoapulmon-rafaela.com\/wp-content\/uploads\/2021\/10\/Fixture-Femenino-390x205.jpg 390w, https:\/\/todoapulmon-rafaela.com\/wp-content\/uploads\/2021\/10\/Fixture-Femenino.jpg 1080w\" sizes=\"(max-width: 300px) 100vw, 300px\" \/><\/p>\n","protected":false},"excerpt":{"rendered":"<p>Este martes se realiz\u00f3 en la sede de la Liga Rafaelina de F\u00fatbol, la presentaci\u00f3n del seleccionado femenino que el<\/p>\n","protected":false},"author":2,"featured_media":27775,"comment_status":"open","ping_status":"open","sticky":false,"template":"","format":"standard","meta":{"footnotes":""},"categories":[31,24],"tags":[],"class_list":["post-27772","post","type-post","status-publish","format-standard","has-post-thumbnail","hentry","category-futbol-femenino","category-noticias-destacadas"],"cc_featured_image_caption":{"caption_text":"","source_text":"","source_url":""},"_links":{"self":[{"href":"https:\/\/todoapulmon-rafaela.com\/index.php\/wp-json\/wp\/v2\/posts\/27772"}],"collection":[{"href":"https:\/\/todoapulmon-rafaela.com\/index.php\/wp-json\/wp\/v2\/posts"}],"about":[{"href":"https:\/\/todoapulmon-rafaela.com\/index.php\/wp-json\/wp\/v2\/types\/post"}],"author":[{"embeddable":true,"href":"https:\/\/todoapulmon-rafaela.com\/index.php\/wp-json\/wp\/v2\/users\/2"}],"replies":[{"embeddable":true,"href":"https:\/\/todoapulmon-rafaela.com\/index.php\/wp-json\/wp\/v2\/comments?post=27772"}],"version-history":[{"count":2,"href":"https:\/\/todoapulmon-rafaela.com\/index.php\/wp-json\/wp\/v2\/posts\/27772\/revisions"}],"predecessor-version":[{"id":27777,"href":"https:\/\/todoapulmon-rafaela.com\/index.php\/wp-json\/wp\/v2\/posts\/27772\/revisions\/27777"}],"wp:featuredmedia":[{"embeddable":true,"href":"https:\/\/todoapulmon-rafaela.com\/index.php\/wp-json\/wp\/v2\/media\/27775"}],"wp:attachment":[{"href":"https:\/\/todoapulmon-rafaela.com\/index.php\/wp-json\/wp\/v2\/media?parent=27772"}],"wp:term":[{"taxonomy":"category","embeddable":true,"href":"https:\/\/todoapulmon-rafaela.com\/index.php\/wp-json\/wp\/v2\/categories?post=27772"},{"taxonomy":"post_tag","embeddable":true,"href":"https:\/\/todoapulmon-rafaela.com\/index.php\/wp-json\/wp\/v2\/tags?post=27772"}],"curies":[{"name":"wp","href":"https:\/\/api.w.org\/{rel}","templated":true}]}}