{"id":27677,"date":"2021-10-15T23:50:07","date_gmt":"2021-10-15T23:50:07","guid":{"rendered":"https:\/\/todoapulmon-rafaela.com\/?p=27677"},"modified":"2021-10-15T23:50:07","modified_gmt":"2021-10-15T23:50:07","slug":"natalia-vera-logro-el-oro-en-velocidad-individual","status":"publish","type":"post","link":"https:\/\/todoapulmon-rafaela.com\/index.php\/2021\/10\/15\/natalia-vera-logro-el-oro-en-velocidad-individual\/","title":{"rendered":"Natalia Vera logr\u00f3 el oro en velocidad individual"},"content":{"rendered":"<p>Natalia Vera sigue defendiendo los t\u00edtulos que lograra hace dos a\u00f1os en el vel\u00f3dromo Ernesto Contreras, que este fin de semana vuelve a recibir al Campeonato Argentino de Pista Elite, Sub 23, Damas y Adaptado. La santiague\u00f1a radicada en Rafaela y que como en 2019 representa a ACCOS, festej\u00f3 este viernes en la velocidad individual del m\u00e1ximo certamen de pista nacional en Mendoza.<\/p>\n<p>En la clasificaci\u00f3n, Nati hab\u00eda cronometrado 11s 559\/1000, casi un segundo m\u00e1s r\u00e1pida que la juvenil Valentina Luna que luego ser\u00eda su rival en la final.<\/p>\n<p>En semifinales, la campeona hab\u00eda eliminado a Micaela Guti\u00e9rrez (Pueblo de la Paz), mientras que Luna hizo lo propio con Brenda G\u00f3mez (Catamarque\u00f1a). Esta fue la segunda medalla dorada para Vera, que ayer hab\u00eda conseguido la de velocidad por equipos junto a Geraldine Mazzuchini, de Reconquista.<\/p>\n<p>En cuanto a la velocidad masculina, el oro fue para Lucas Vilar (Mar y Sierras), que hizo el r\u00e9cord argentino en la clasificaci\u00f3n con 10s 119. La plata fue para Leandro Bottasso (C\u00f3rdoba) y tercero Juan Rodriguez (Sanluise\u00f1a).<\/p>\n<p>En vueltas puntables se consagr\u00f3 Laureano Rosas (Sanjuanina), seguido por Rub\u00e9n Ramos (Sanjuanina) y Juan P. Serrano (Cordobesa). En damas festej\u00f3 Maribel Aguirre (Sanjuanina), seguida por Carla Alvarez (Sanjuanina) y Anabel Ruiz (Juninense).<\/p>\n","protected":false},"excerpt":{"rendered":"<p>Natalia Vera sigue defendiendo los t\u00edtulos que lograra hace dos a\u00f1os en el vel\u00f3dromo Ernesto Contreras, que este fin de<\/p>\n","protected":false},"author":2,"featured_media":27678,"comment_status":"open","ping_status":"open","sticky":false,"template":"","format":"standard","meta":{"footnotes":""},"categories":[4,24],"tags":[],"class_list":["post-27677","post","type-post","status-publish","format-standard","has-post-thumbnail","hentry","category-ciclismo","category-noticias-destacadas"],"cc_featured_image_caption":{"caption_text":"FOTO CICLISMO.PH","source_text":"","source_url":""},"_links":{"self":[{"href":"https:\/\/todoapulmon-rafaela.com\/index.php\/wp-json\/wp\/v2\/posts\/27677"}],"collection":[{"href":"https:\/\/todoapulmon-rafaela.com\/index.php\/wp-json\/wp\/v2\/posts"}],"about":[{"href":"https:\/\/todoapulmon-rafaela.com\/index.php\/wp-json\/wp\/v2\/types\/post"}],"author":[{"embeddable":true,"href":"https:\/\/todoapulmon-rafaela.com\/index.php\/wp-json\/wp\/v2\/users\/2"}],"replies":[{"embeddable":true,"href":"https:\/\/todoapulmon-rafaela.com\/index.php\/wp-json\/wp\/v2\/comments?post=27677"}],"version-history":[{"count":1,"href":"https:\/\/todoapulmon-rafaela.com\/index.php\/wp-json\/wp\/v2\/posts\/27677\/revisions"}],"predecessor-version":[{"id":27679,"href":"https:\/\/todoapulmon-rafaela.com\/index.php\/wp-json\/wp\/v2\/posts\/27677\/revisions\/27679"}],"wp:featuredmedia":[{"embeddable":true,"href":"https:\/\/todoapulmon-rafaela.com\/index.php\/wp-json\/wp\/v2\/media\/27678"}],"wp:attachment":[{"href":"https:\/\/todoapulmon-rafaela.com\/index.php\/wp-json\/wp\/v2\/media?parent=27677"}],"wp:term":[{"taxonomy":"category","embeddable":true,"href":"https:\/\/todoapulmon-rafaela.com\/index.php\/wp-json\/wp\/v2\/categories?post=27677"},{"taxonomy":"post_tag","embeddable":true,"href":"https:\/\/todoapulmon-rafaela.com\/index.php\/wp-json\/wp\/v2\/tags?post=27677"}],"curies":[{"name":"wp","href":"https:\/\/api.w.org\/{rel}","templated":true}]}}