{"id":27585,"date":"2021-10-11T13:05:37","date_gmt":"2021-10-11T13:05:37","guid":{"rendered":"https:\/\/todoapulmon-rafaela.com\/?p=27585"},"modified":"2021-10-11T13:07:33","modified_gmt":"2021-10-11T13:07:33","slug":"meritorias-performances-rafaelinas-en-el-rio-pinto","status":"publish","type":"post","link":"https:\/\/todoapulmon-rafaela.com\/index.php\/2021\/10\/11\/meritorias-performances-rafaelinas-en-el-rio-pinto\/","title":{"rendered":"Meritorias performances rafaelinas en el R\u00edo Pinto"},"content":{"rendered":"<p>Con la presencia de cerca de 5.000 corredores se realiz\u00f3 este domingo la 25\u00aa edici\u00f3n del Desaf\u00edo R\u00edo Pinto, entre ellos un nutrido grupo de bikers de Rafaela y zona cercana.<br \/>\nNicol\u00e1s Tivani y Yesica Cantelmi fueron los ganadores de la prueba que volvi\u00f3 a desarrollarse luego de m\u00e1s de dos a\u00f1os en la localidad cordobesa de La Cumbre. Entre los varones la carrera se defini\u00f3 al sprint entre Tivani y Catriel Soto tras 2h y 49m. Germ\u00e1n Leandri arrib\u00f3 59\u00ba en la Pro.<br \/>\nEn damas Cantelmi emple\u00f3 3h 14m y se hizo con la victoria por delante de In\u00e9s Guti\u00e9rrez que lleg\u00f3 casi 2 minutos despu\u00e9s. En la Profesional Femenina fueron novena y decimotercera Gisela Catt\u00e1neo y Luisina Simondi, respectivamente.<br \/>\nRespecto a las categor\u00edas competitivas, de los representantes de nuestra ciudad tuvieron meritorias performances entre las damas Carolina Angelo y Rosal\u00eda Gentinetta; y en varones los mejores tiempos estuvieron en Mat\u00edas Dominino, C\u00e9sar Bonetto, Cristian Pernuzzi y Maximiliano Toldo.<br \/>\nEl R\u00edo Pinto nuevamente fue la prueba m\u00e1s convocante de Sudam\u00e9rica y este a\u00f1o una de las m\u00e1s esperadas del calendario.<\/p>\n<p>RESULTADOS<\/p>\n<p>Estas fueron las posiciones de los rafaelinos y de localidades aleda\u00f1as (Susana, Bella Italia, Roca):<br \/>\nProfesional Femenina: 9\u00aa Gisela Catt\u00e1neo 3h30m48s; 13\u00aa Luisina Simondi 3h50m21s.<br \/>\nProfesional Masculina: 15\u00ba Nicol\u00e1s Antorena (Chubutense radicado en Rafaela) 2h57m32s; 59\u00ba Germ\u00e1n Leandri 3h44m19s.<br \/>\nDamas Elite: 8\u00aa Carolina Antelo 3h45m43s.<br \/>\nDamas C1: 4\u00aa Rosal\u00eda Gentinetta 3h47m40s.<\/p>\n<figure id=\"attachment_27587\" aria-describedby=\"caption-attachment-27587\" style=\"width: 300px\" class=\"wp-caption alignnone\"><img loading=\"lazy\" decoding=\"async\" class=\"size-medium wp-image-27587\" src=\"https:\/\/todoapulmon-rafaela.com\/wp-content\/uploads\/2021\/10\/Gentinetta-Rosy-Pinto-300x225.jpg\" alt=\"\" width=\"300\" height=\"225\" srcset=\"https:\/\/todoapulmon-rafaela.com\/wp-content\/uploads\/2021\/10\/Gentinetta-Rosy-Pinto-300x225.jpg 300w, https:\/\/todoapulmon-rafaela.com\/wp-content\/uploads\/2021\/10\/Gentinetta-Rosy-Pinto.jpg 960w\" sizes=\"(max-width: 300px) 100vw, 300px\" \/><figcaption id=\"caption-attachment-27587\" class=\"wp-caption-text\">El podio de Rosal\u00eda Gentinetta en Damas C1.<\/figcaption><\/figure>\n<p>Sub 23: 13\u00ba Cristian Pernuzzi 3h14m19s.<br \/>\nElite: 108\u00ba Agust\u00edn Mont\u00fa 4h07m15s.<br \/>\nMaster A1: 131\u00ba Antonio Sabellotti 3h44m16s.<br \/>\nMaster A2: 59\u00ba Maximiliano Toldo 3h16m44s.<\/p>\n<p><img loading=\"lazy\" decoding=\"async\" class=\"alignnone size-medium wp-image-24444\" src=\"https:\/\/todoapulmon-rafaela.com\/wp-content\/uploads\/2021\/03\/Logo-Leandri-2-300x108.jpg\" alt=\"\" width=\"300\" height=\"108\" srcset=\"https:\/\/todoapulmon-rafaela.com\/wp-content\/uploads\/2021\/03\/Logo-Leandri-2-300x108.jpg 300w, https:\/\/todoapulmon-rafaela.com\/wp-content\/uploads\/2021\/03\/Logo-Leandri-2.jpg 896w\" sizes=\"(max-width: 300px) 100vw, 300px\" \/><br \/>\nMaster B1: 39\u00ba Mat\u00edas Dominino 3h08m41s, en la general 181; 109\u00ba Daniel Schmidt 3h22m05s; 149\u00ba Edgardo Rasetto 3h30m30s; 329\u00ba Luciano Leiva 3h51m35s; 355\u00ba Alejandro Torres 3h54m54s.<br \/>\nMaster B2: 28\u00ba C\u00e9sar Bonetto 3h12m53s; 388\u00ba Andr\u00e9s Pedernera 4h18m03s; 473\u00ba Marcelo Bultynch 4h41m16s; 498\u00ba Luciano Caccia 4h51m14s.<br \/>\nMaster C1: 73\u00ba C\u00e9sar Bogunovich 3h35m07s; 334\u00ba Jorge Sanmartino 4h50m38s.<br \/>\nMaster C2: 30\u00ba Norberto Willener 3h35m33s.<br \/>\nMaster D1: 131\u00ba Marcelo Brasca 6h31m04s.<br \/>\nMaster D2: 51\u00ba Gustavo Castano 5h20m44s.<\/p>\n<p>&nbsp;<\/p>\n","protected":false},"excerpt":{"rendered":"<p>Con la presencia de cerca de 5.000 corredores se realiz\u00f3 este domingo la 25\u00aa edici\u00f3n del Desaf\u00edo R\u00edo Pinto, entre<\/p>\n","protected":false},"author":2,"featured_media":27586,"comment_status":"open","ping_status":"open","sticky":false,"template":"","format":"standard","meta":{"footnotes":""},"categories":[4,24],"tags":[],"class_list":["post-27585","post","type-post","status-publish","format-standard","has-post-thumbnail","hentry","category-ciclismo","category-noticias-destacadas"],"cc_featured_image_caption":{"caption_text":"El podio de la profesional femenina donde fue novena Gisela Catt\u00e1neo.","source_text":"","source_url":""},"_links":{"self":[{"href":"https:\/\/todoapulmon-rafaela.com\/index.php\/wp-json\/wp\/v2\/posts\/27585"}],"collection":[{"href":"https:\/\/todoapulmon-rafaela.com\/index.php\/wp-json\/wp\/v2\/posts"}],"about":[{"href":"https:\/\/todoapulmon-rafaela.com\/index.php\/wp-json\/wp\/v2\/types\/post"}],"author":[{"embeddable":true,"href":"https:\/\/todoapulmon-rafaela.com\/index.php\/wp-json\/wp\/v2\/users\/2"}],"replies":[{"embeddable":true,"href":"https:\/\/todoapulmon-rafaela.com\/index.php\/wp-json\/wp\/v2\/comments?post=27585"}],"version-history":[{"count":3,"href":"https:\/\/todoapulmon-rafaela.com\/index.php\/wp-json\/wp\/v2\/posts\/27585\/revisions"}],"predecessor-version":[{"id":27590,"href":"https:\/\/todoapulmon-rafaela.com\/index.php\/wp-json\/wp\/v2\/posts\/27585\/revisions\/27590"}],"wp:featuredmedia":[{"embeddable":true,"href":"https:\/\/todoapulmon-rafaela.com\/index.php\/wp-json\/wp\/v2\/media\/27586"}],"wp:attachment":[{"href":"https:\/\/todoapulmon-rafaela.com\/index.php\/wp-json\/wp\/v2\/media?parent=27585"}],"wp:term":[{"taxonomy":"category","embeddable":true,"href":"https:\/\/todoapulmon-rafaela.com\/index.php\/wp-json\/wp\/v2\/categories?post=27585"},{"taxonomy":"post_tag","embeddable":true,"href":"https:\/\/todoapulmon-rafaela.com\/index.php\/wp-json\/wp\/v2\/tags?post=27585"}],"curies":[{"name":"wp","href":"https:\/\/api.w.org\/{rel}","templated":true}]}}