{"id":27286,"date":"2021-09-27T12:38:00","date_gmt":"2021-09-27T12:38:00","guid":{"rendered":"https:\/\/todoapulmon-rafaela.com\/?p=27286"},"modified":"2021-09-27T12:38:00","modified_gmt":"2021-09-27T12:38:00","slug":"9-de-julio-volvio-a-ganar-en-el-grand-prix-masculino","status":"publish","type":"post","link":"https:\/\/todoapulmon-rafaela.com\/index.php\/2021\/09\/27\/9-de-julio-volvio-a-ganar-en-el-grand-prix-masculino\/","title":{"rendered":"9 de Julio volvi\u00f3 a ganar en el Grand Prix Masculino"},"content":{"rendered":"<p>Se desarroll\u00f3 este domingo la segunda fecha del Grand Prix Masculino de la Asociaci\u00f3n Rafaelina de Voley en el gimnasio Centenario de 9 de Julio. El equipo anfitri\u00f3n, como en la jornada apertura realizada el mes anterior, se qued\u00f3 con el primer puesto. Participaron tambi\u00e9n Uni\u00f3n de Sunchales, Atl\u00e9tico, Ferrocarril del Estado, San Crist\u00f3bal y se sum\u00f3 Argentino de Humberto.<\/p>\n<p>El equipo juliense se impuso en la final ante Uni\u00f3n de Sunchales en una intensa final por 2 a 1, con parciales de 25-18, 18-25 y 17-15. Previamente se hab\u00eda impuesto a Atl\u00e9tico Rafaela por 2-0 (25-23 y 25-7); ante Ferro San Crist\u00f3bal por 2-0 (25-12 y 25-14) y frente a Ferrocarril del Estado de Rafaela tambi\u00e9n 2-0 (25-17 y 25-14).<\/p>\n<p>El equipo dirigido por Patricia Di Prinzio ratific\u00f3 su buen presente dentro de la satisfacci\u00f3n general para esta disciplina, que implica el paulatino afianzamiento de la competencia masculina.<\/p>\n","protected":false},"excerpt":{"rendered":"<p>Se desarroll\u00f3 este domingo la segunda fecha del Grand Prix Masculino de la Asociaci\u00f3n Rafaelina de Voley en el gimnasio<\/p>\n","protected":false},"author":2,"featured_media":27287,"comment_status":"open","ping_status":"open","sticky":false,"template":"","format":"standard","meta":{"footnotes":""},"categories":[24,16],"tags":[],"class_list":["post-27286","post","type-post","status-publish","format-standard","has-post-thumbnail","hentry","category-noticias-destacadas","category-voley"],"cc_featured_image_caption":{"caption_text":"9 de Julio fue ganador del segundo Grand Prix (foto gentileza Voley Juliense).","source_text":"","source_url":""},"_links":{"self":[{"href":"https:\/\/todoapulmon-rafaela.com\/index.php\/wp-json\/wp\/v2\/posts\/27286"}],"collection":[{"href":"https:\/\/todoapulmon-rafaela.com\/index.php\/wp-json\/wp\/v2\/posts"}],"about":[{"href":"https:\/\/todoapulmon-rafaela.com\/index.php\/wp-json\/wp\/v2\/types\/post"}],"author":[{"embeddable":true,"href":"https:\/\/todoapulmon-rafaela.com\/index.php\/wp-json\/wp\/v2\/users\/2"}],"replies":[{"embeddable":true,"href":"https:\/\/todoapulmon-rafaela.com\/index.php\/wp-json\/wp\/v2\/comments?post=27286"}],"version-history":[{"count":1,"href":"https:\/\/todoapulmon-rafaela.com\/index.php\/wp-json\/wp\/v2\/posts\/27286\/revisions"}],"predecessor-version":[{"id":27288,"href":"https:\/\/todoapulmon-rafaela.com\/index.php\/wp-json\/wp\/v2\/posts\/27286\/revisions\/27288"}],"wp:featuredmedia":[{"embeddable":true,"href":"https:\/\/todoapulmon-rafaela.com\/index.php\/wp-json\/wp\/v2\/media\/27287"}],"wp:attachment":[{"href":"https:\/\/todoapulmon-rafaela.com\/index.php\/wp-json\/wp\/v2\/media?parent=27286"}],"wp:term":[{"taxonomy":"category","embeddable":true,"href":"https:\/\/todoapulmon-rafaela.com\/index.php\/wp-json\/wp\/v2\/categories?post=27286"},{"taxonomy":"post_tag","embeddable":true,"href":"https:\/\/todoapulmon-rafaela.com\/index.php\/wp-json\/wp\/v2\/tags?post=27286"}],"curies":[{"name":"wp","href":"https:\/\/api.w.org\/{rel}","templated":true}]}}