{"id":27213,"date":"2021-09-24T17:25:06","date_gmt":"2021-09-24T17:25:06","guid":{"rendered":"https:\/\/todoapulmon-rafaela.com\/?p=27213"},"modified":"2021-09-24T17:25:38","modified_gmt":"2021-09-24T17:25:38","slug":"27213","status":"publish","type":"post","link":"https:\/\/todoapulmon-rafaela.com\/index.php\/2021\/09\/24\/27213\/","title":{"rendered":"CRAR inicia el TRL en Esperanza"},"content":{"rendered":"<p>Este s\u00e1bado se vuelve a jugar el Torneo Regional del Litoral. El \u00faltimo partido fue en 2019 cuando se coron\u00f3 campe\u00f3n Old Resian Club del certamen. Tras un 2020 sin competencia los equipos de la Uni\u00f3n de Rugby de Rosario, Santa Fe y Entre R\u00edos se volver\u00e1n a ver dentro de una cancha, sin ascensos ni descensos dada las dificultades para los clubes generadas por la pandemia.<\/p>\n<p>En el caso del C\u00edrculo Rafaelino estar\u00e1 iniciando el certamen del segundo nivel, denominado Primera Divisi\u00f3n, cuando visite a Alma Juniors de Esperanza desde las 16 con el arbitraje de Exequiel Adrover. Previamente, a las 14.15, jugar\u00e1n en Reserva con el contralor de Federico Gonz\u00e1lez.<\/p>\n<p>Estos equipos se enfrentaron hace un mes por el Dos Orillas, en el mismo escenario, con victoria para CRAR por 33 a 0.<\/p>\n<p>El Head Coach rafaelino, Quique L\u00f3pez Durando, dispuso la siguiente formaci\u00f3n inicial:<\/p>\n<p>1 Mat\u00edas Rocchi, 2 Mart\u00edn Zegaib, 3 Gast\u00f3n Zbrun<\/p>\n<p>4 Guillermo Bulacio. 5 Juan Imvinkelried<\/p>\n<p>6 Manuel Mandrile. 7 Facundo Aimo, 8 Mariano Ferrero<\/p>\n<p>9 Esteban Appo, 10 Pablo Villar<\/p>\n<p>11 Mateo Villar. 12 Nicol\u00e1s Imvinkelried (C), 13 Leonardo Sabelotti, 14 Esteban Rebaudengo,<br \/>\n15 Santiago Kerstens.<\/p>\n<p>Los dem\u00e1s encuentros de esta zona en la fecha inicial ser\u00e1n: Caranchos vs. Tilcara, Agustin Su\u00e1rez; Jockey de Venado Tuerto vs. Universitario de Santa Fe, Luis Zanetta; y Logaritmo vs. La Salle, Pablo Bel\u00e9n.<\/p>\n","protected":false},"excerpt":{"rendered":"<p>Este s\u00e1bado se vuelve a jugar el Torneo Regional del Litoral. El \u00faltimo partido fue en 2019 cuando se coron\u00f3<\/p>\n","protected":false},"author":2,"featured_media":27214,"comment_status":"open","ping_status":"open","sticky":false,"template":"","format":"standard","meta":{"footnotes":""},"categories":[24,2],"tags":[],"class_list":["post-27213","post","type-post","status-publish","format-standard","has-post-thumbnail","hentry","category-noticias-destacadas","category-rugby"],"cc_featured_image_caption":{"caption_text":"Esteban Rebaudengo, uno de los extremos del equipo rafaelino.","source_text":"","source_url":""},"_links":{"self":[{"href":"https:\/\/todoapulmon-rafaela.com\/index.php\/wp-json\/wp\/v2\/posts\/27213"}],"collection":[{"href":"https:\/\/todoapulmon-rafaela.com\/index.php\/wp-json\/wp\/v2\/posts"}],"about":[{"href":"https:\/\/todoapulmon-rafaela.com\/index.php\/wp-json\/wp\/v2\/types\/post"}],"author":[{"embeddable":true,"href":"https:\/\/todoapulmon-rafaela.com\/index.php\/wp-json\/wp\/v2\/users\/2"}],"replies":[{"embeddable":true,"href":"https:\/\/todoapulmon-rafaela.com\/index.php\/wp-json\/wp\/v2\/comments?post=27213"}],"version-history":[{"count":3,"href":"https:\/\/todoapulmon-rafaela.com\/index.php\/wp-json\/wp\/v2\/posts\/27213\/revisions"}],"predecessor-version":[{"id":27217,"href":"https:\/\/todoapulmon-rafaela.com\/index.php\/wp-json\/wp\/v2\/posts\/27213\/revisions\/27217"}],"wp:featuredmedia":[{"embeddable":true,"href":"https:\/\/todoapulmon-rafaela.com\/index.php\/wp-json\/wp\/v2\/media\/27214"}],"wp:attachment":[{"href":"https:\/\/todoapulmon-rafaela.com\/index.php\/wp-json\/wp\/v2\/media?parent=27213"}],"wp:term":[{"taxonomy":"category","embeddable":true,"href":"https:\/\/todoapulmon-rafaela.com\/index.php\/wp-json\/wp\/v2\/categories?post=27213"},{"taxonomy":"post_tag","embeddable":true,"href":"https:\/\/todoapulmon-rafaela.com\/index.php\/wp-json\/wp\/v2\/tags?post=27213"}],"curies":[{"name":"wp","href":"https:\/\/api.w.org\/{rel}","templated":true}]}}