{"id":27200,"date":"2021-09-23T22:17:12","date_gmt":"2021-09-23T22:17:12","guid":{"rendered":"https:\/\/todoapulmon-rafaela.com\/?p=27200"},"modified":"2021-09-23T22:17:12","modified_gmt":"2021-09-23T22:17:12","slug":"las-protagonistas-del-salto-en-alto-en-encarnacion-junto-a-abril-okon","status":"publish","type":"post","link":"https:\/\/todoapulmon-rafaela.com\/index.php\/2021\/09\/23\/las-protagonistas-del-salto-en-alto-en-encarnacion-junto-a-abril-okon\/","title":{"rendered":"Las protagonistas del salto en alto en Encarnaci\u00f3n junto a Abril Okon"},"content":{"rendered":"<p>Este s\u00e1bado y domingo se realizar\u00e1 en Encarnaci\u00f3n, Paraguay, el Sudamericano de Atletismo U18. All\u00ed estar\u00e1 presente integrando el equipo argentino la rafaelina Abril Okon, tomando parte de la prueba de salto en alto.<\/p>\n<p>La competencia se anuncia para el domingo a las 16.10 de nuestro pa\u00eds. La representante del CRAS tiene la mejor marca lograda entre las participantes con 1m75, conseguida en la primera parte del a\u00f1o donde alcanz\u00f3 el pico de su rendimiento. En este torneo intentar\u00e1 volver a acercarse a esos registros.<\/p>\n<p>Luego, con un cent\u00edmetro menos, aparece la uruguaya Silvina Gil, con quien compiti\u00f3 anteriormente en Guayaquil y Lima.<\/p>\n<table id=\"dataTables-example\" class=\"table table-striped table-bordered table-hover\">\n<thead>\n<tr>\n<th>N\u00b0<\/th>\n<th>Andarivel<\/th>\n<th>Nombre<\/th>\n<th>Dia<\/th>\n<th>Mes<\/th>\n<th>A\u00f1o<\/th>\n<th>Equipo<\/th>\n<th>Mejor Marca<\/th>\n<\/tr>\n<\/thead>\n<tbody>\n<tr class=\"odd gradeX\">\n<td>132<\/td>\n<td><\/td>\n<td class=\"initialism\">OKON ABRIL<\/td>\n<td class=\"center\">28<\/td>\n<td class=\"center\">9<\/td>\n<td class=\"center\">2004<\/td>\n<td class=\"center\"><img decoding=\"async\" src=\"https:\/\/www.resultadosonline.org\/imagenes\/banderas\/ARG.gif\" height=\"15\" \/><\/td>\n<td class=\"center\"><strong>1.75<\/strong><\/td>\n<\/tr>\n<tr class=\"odd gradeX\">\n<td>193<\/td>\n<td><\/td>\n<td class=\"initialism\">GIL SILVINA<\/td>\n<td class=\"center\">19<\/td>\n<td class=\"center\">9<\/td>\n<td class=\"center\">2005<\/td>\n<td class=\"center\"><img decoding=\"async\" src=\"https:\/\/www.resultadosonline.org\/imagenes\/banderas\/URU.gif\" height=\"15\" \/><\/td>\n<td class=\"center\"><strong>1.74<\/strong><\/td>\n<\/tr>\n<tr class=\"odd gradeX\">\n<td>245<\/td>\n<td><\/td>\n<td class=\"initialism\">GABRIELA DA SILVA ARAUJO GIL DE SA<\/td>\n<td class=\"center\">10<\/td>\n<td class=\"center\">6<\/td>\n<td class=\"center\">2004<\/td>\n<td class=\"center\"><img decoding=\"async\" src=\"https:\/\/www.resultadosonline.org\/imagenes\/banderas\/BRA.gif\" height=\"15\" \/><\/td>\n<td class=\"center\"><strong>1.74<\/strong><\/td>\n<\/tr>\n<tr class=\"odd gradeX\">\n<td>133<\/td>\n<td><\/td>\n<td class=\"initialism\">DURA JOAQUINA<\/td>\n<td class=\"center\">14<\/td>\n<td class=\"center\">10<\/td>\n<td class=\"center\">2005<\/td>\n<td class=\"center\"><img decoding=\"async\" src=\"https:\/\/www.resultadosonline.org\/imagenes\/banderas\/ARG.gif\" height=\"15\" \/><\/td>\n<td class=\"center\"><strong>1.73<\/strong><\/td>\n<\/tr>\n<tr class=\"odd gradeX\">\n<td>246<\/td>\n<td><\/td>\n<td class=\"initialism\">LUISA LUMMERTZ COLARES LOPES<\/td>\n<td class=\"center\">27<\/td>\n<td class=\"center\">1<\/td>\n<td class=\"center\">2005<\/td>\n<td class=\"center\"><img decoding=\"async\" src=\"https:\/\/www.resultadosonline.org\/imagenes\/banderas\/BRA.gif\" height=\"15\" \/><\/td>\n<td class=\"center\"><strong>1.72<\/strong><\/td>\n<\/tr>\n<tr class=\"odd gradeX\">\n<td>330<\/td>\n<td><\/td>\n<td class=\"initialism\">TENORIO ARBOLEDA HELLEN DAYAN<\/td>\n<td class=\"center\">14<\/td>\n<td class=\"center\">8<\/td>\n<td class=\"center\">2004<\/td>\n<td class=\"center\"><img decoding=\"async\" src=\"https:\/\/www.resultadosonline.org\/imagenes\/banderas\/COL.gif\" height=\"15\" \/><\/td>\n<td class=\"center\"><strong>1.68<\/strong><\/td>\n<\/tr>\n<tr class=\"odd gradeX\">\n<td>282<\/td>\n<td><\/td>\n<td class=\"initialism\">ORTIZ COLINA ORNELYS MELISSA<\/td>\n<td class=\"center\">28<\/td>\n<td class=\"center\">7<\/td>\n<td class=\"center\">2004<\/td>\n<td class=\"center\"><img decoding=\"async\" src=\"https:\/\/www.resultadosonline.org\/imagenes\/banderas\/VEN.gif\" height=\"15\" \/><\/td>\n<td class=\"center\"><strong>1.63<\/strong><\/td>\n<\/tr>\n<\/tbody>\n<\/table>\n<p>&nbsp;<\/p>\n","protected":false},"excerpt":{"rendered":"<p>Este s\u00e1bado y domingo se realizar\u00e1 en Encarnaci\u00f3n, Paraguay, el Sudamericano de Atletismo U18. All\u00ed estar\u00e1 presente integrando el equipo<\/p>\n","protected":false},"author":2,"featured_media":27201,"comment_status":"open","ping_status":"open","sticky":false,"template":"","format":"standard","meta":{"footnotes":""},"categories":[7,24],"tags":[],"class_list":["post-27200","post","type-post","status-publish","format-standard","has-post-thumbnail","hentry","category-atletismo","category-noticias-destacadas"],"cc_featured_image_caption":{"caption_text":"","source_text":"","source_url":""},"_links":{"self":[{"href":"https:\/\/todoapulmon-rafaela.com\/index.php\/wp-json\/wp\/v2\/posts\/27200"}],"collection":[{"href":"https:\/\/todoapulmon-rafaela.com\/index.php\/wp-json\/wp\/v2\/posts"}],"about":[{"href":"https:\/\/todoapulmon-rafaela.com\/index.php\/wp-json\/wp\/v2\/types\/post"}],"author":[{"embeddable":true,"href":"https:\/\/todoapulmon-rafaela.com\/index.php\/wp-json\/wp\/v2\/users\/2"}],"replies":[{"embeddable":true,"href":"https:\/\/todoapulmon-rafaela.com\/index.php\/wp-json\/wp\/v2\/comments?post=27200"}],"version-history":[{"count":1,"href":"https:\/\/todoapulmon-rafaela.com\/index.php\/wp-json\/wp\/v2\/posts\/27200\/revisions"}],"predecessor-version":[{"id":27202,"href":"https:\/\/todoapulmon-rafaela.com\/index.php\/wp-json\/wp\/v2\/posts\/27200\/revisions\/27202"}],"wp:featuredmedia":[{"embeddable":true,"href":"https:\/\/todoapulmon-rafaela.com\/index.php\/wp-json\/wp\/v2\/media\/27201"}],"wp:attachment":[{"href":"https:\/\/todoapulmon-rafaela.com\/index.php\/wp-json\/wp\/v2\/media?parent=27200"}],"wp:term":[{"taxonomy":"category","embeddable":true,"href":"https:\/\/todoapulmon-rafaela.com\/index.php\/wp-json\/wp\/v2\/categories?post=27200"},{"taxonomy":"post_tag","embeddable":true,"href":"https:\/\/todoapulmon-rafaela.com\/index.php\/wp-json\/wp\/v2\/tags?post=27200"}],"curies":[{"name":"wp","href":"https:\/\/api.w.org\/{rel}","templated":true}]}}