{"id":2717,"date":"2016-09-23T12:55:13","date_gmt":"2016-09-23T12:55:13","guid":{"rendered":"http:\/\/todoapulmon-rafaela.com\/?p=2717"},"modified":"2016-09-23T12:55:13","modified_gmt":"2016-09-23T12:55:13","slug":"emmert-junto-a-la-seleccion-en-el-triatlon-de-rapel","status":"publish","type":"post","link":"https:\/\/todoapulmon-rafaela.com\/index.php\/2016\/09\/23\/emmert-junto-a-la-seleccion-en-el-triatlon-de-rapel\/","title":{"rendered":"Emmert junto a la selecci\u00f3n en el triatl\u00f3n de Rapel"},"content":{"rendered":"<p>Este fin de semana se desarrollar\u00e1 la 8va edici\u00f3n del Triatl\u00f3n de Rapel, el sprint m\u00e1s masivo de Chile, organizado por Triatletas.cl. En esta competencia, considerada de las m\u00e1s tradicionales de Sudam\u00e9rica en la actualidad, estar\u00e1 la selecci\u00f3n argentina junior que se est\u00e1 preparando para los Juegos Ol\u00edmpicos de la Juventud 2018, que tendr\u00e1n lugar en Buenos Aires. En el grupo dirigido por el entrenador Miguel Seoane intervendr\u00e1 el rafaelino Pedro Emmert.<\/p>\n<p>La sede del triatl\u00f3n ser\u00e1 nuevamente Marina Golf de Rapel la que recibir\u00e1 el d\u00eda s\u00e1bado 24 de septiembre a las categor\u00edas menores, mientras que el domingo 25 ser\u00e1 el turno de los adultos. La prueba tiene en total 827 triatletas inscriptos.<\/p>\n<p>Las distancias de la prueba para la categor\u00eda sprint son de 750 metros de nado, 20 kil\u00f3metros de ciclismo y 5 kil\u00f3metros de pedestrismo.<\/p>\n","protected":false},"excerpt":{"rendered":"<p>Este fin de semana se desarrollar\u00e1 la 8va edici\u00f3n del Triatl\u00f3n de Rapel, el sprint m\u00e1s masivo de Chile, organizado<\/p>\n","protected":false},"author":2,"featured_media":2718,"comment_status":"open","ping_status":"open","sticky":false,"template":"","format":"standard","meta":{"footnotes":""},"categories":[24],"tags":[],"class_list":["post-2717","post","type-post","status-publish","format-standard","has-post-thumbnail","hentry","category-noticias-destacadas"],"cc_featured_image_caption":{"caption_text":"El seleccionado argentino de triatl\u00f3n para Buenos Aires 2018 que competir\u00e1 en Chile. (Foto Federaci\u00f3n Argentina de Triatl\u00f3n).","source_text":"","source_url":""},"_links":{"self":[{"href":"https:\/\/todoapulmon-rafaela.com\/index.php\/wp-json\/wp\/v2\/posts\/2717"}],"collection":[{"href":"https:\/\/todoapulmon-rafaela.com\/index.php\/wp-json\/wp\/v2\/posts"}],"about":[{"href":"https:\/\/todoapulmon-rafaela.com\/index.php\/wp-json\/wp\/v2\/types\/post"}],"author":[{"embeddable":true,"href":"https:\/\/todoapulmon-rafaela.com\/index.php\/wp-json\/wp\/v2\/users\/2"}],"replies":[{"embeddable":true,"href":"https:\/\/todoapulmon-rafaela.com\/index.php\/wp-json\/wp\/v2\/comments?post=2717"}],"version-history":[{"count":1,"href":"https:\/\/todoapulmon-rafaela.com\/index.php\/wp-json\/wp\/v2\/posts\/2717\/revisions"}],"predecessor-version":[{"id":2719,"href":"https:\/\/todoapulmon-rafaela.com\/index.php\/wp-json\/wp\/v2\/posts\/2717\/revisions\/2719"}],"wp:featuredmedia":[{"embeddable":true,"href":"https:\/\/todoapulmon-rafaela.com\/index.php\/wp-json\/wp\/v2\/media\/2718"}],"wp:attachment":[{"href":"https:\/\/todoapulmon-rafaela.com\/index.php\/wp-json\/wp\/v2\/media?parent=2717"}],"wp:term":[{"taxonomy":"category","embeddable":true,"href":"https:\/\/todoapulmon-rafaela.com\/index.php\/wp-json\/wp\/v2\/categories?post=2717"},{"taxonomy":"post_tag","embeddable":true,"href":"https:\/\/todoapulmon-rafaela.com\/index.php\/wp-json\/wp\/v2\/tags?post=2717"}],"curies":[{"name":"wp","href":"https:\/\/api.w.org\/{rel}","templated":true}]}}