{"id":27131,"date":"2021-09-20T18:05:03","date_gmt":"2021-09-20T18:05:03","guid":{"rendered":"https:\/\/todoapulmon-rafaela.com\/?p=27131"},"modified":"2021-09-20T18:05:42","modified_gmt":"2021-09-20T18:05:42","slug":"candela-gentinetta-entrena-con-la-preseleccion-del-3x3","status":"publish","type":"post","link":"https:\/\/todoapulmon-rafaela.com\/index.php\/2021\/09\/20\/candela-gentinetta-entrena-con-la-preseleccion-del-3x3\/","title":{"rendered":"Candela Gentinetta con la preselecci\u00f3n del 3&#215;3"},"content":{"rendered":"<p>Con una doble competencia por delante y una disciplina que viene teniendo un desarrollo notable, las Selecciones, tanto la masculina como la femenina, comenzaron a entrenarse el pasado mi\u00e9rcoles. Estamos ante el reinicio de la actividad del 3&#215;3, luego de la suspensi\u00f3n del Mundial U23 masculino de esta rama.<\/p>\n<p>Ambos seleccionados tendr\u00e1n dos torneos en su horizonte: la primera AmeriCup 3&#215;3 y los Juegos Panamericanos Juveniles. Con esto en mente, Argentina trabajar\u00e1 durante las pr\u00f3ximas semanas en el estadio V\u00edctor Barba del club V\u00e9lez los d\u00edas mi\u00e9rcoles por la tarde. Luciano Sant\u00edn dirigir\u00e1 a los varones, mientras que Sof\u00eda Castillo ser\u00e1 la entrenadora del elenco femenino, que entre sus integrantes cuenta con la rafaelina Candela Gentinetta, una de las representantes de Berazategui que fue convocada.<\/p>\n<p>Castillo profundiz\u00f3 acerca de lo que busca el equipo de entrenadores:\u00a0<em>\u00abSi bien todo es b\u00e1squet, la disciplina y los tiempos son distintos. Hay cuestiones estrat\u00e9gicas que hacen mismo al 3&#215;3 diferente al de 5 vs. 5, y apuntamos a entrenar ese ritmo, esa intensidad, la din\u00e1mica y la t\u00e1ctica. Ahora estamos trabajando con la ofensiva y el ritmo. Necesitamos jugadoras vers\u00e1tiles que jueguen en todos los puestos, porque en el 3&#215;3 es como que todas tienen que hacer de todo. Y estamos en esa b\u00fasqueda, trabajando en esos aspectos, jugar de frente, de espaldas, utilizar los espacios y entender la importancia de la defensa del 1&#215;1\u00bb<\/em>.<\/p>\n<p>La AmeriCup se jugar\u00e1 en Miami, Estados Unidos, del 12 al 14 de noviembre. En la rama masculina, Argentina integrar\u00e1 el Grupo B junto con Canad\u00e1 y el ganador de los clasificatorios que saldr\u00e1 entre Uruguay, Hait\u00ed y Jamaica. En la rama femenina, Argentina estar\u00e1 encuadrada tambi\u00e9n en el B, zona que compartir\u00e1 con Estados Unidos y Venezuela.<\/p>\n<p>El segundo desaf\u00edo, el Panamericano, se desarrollar\u00e1 en Cali, Colombia, del 25 de noviembre al 5 de diciembre. Todav\u00eda no se definieron grupos ni calendario, pero habr\u00e1 presencia de equipos como Estados Unidos, Dominicana, Brasil, Chile, entre otros. Ambas ramas dir\u00e1n presente tambi\u00e9n en estos Juegos.<\/p>\n<p><strong>Argentina 3&#215;3 Masculino<\/strong><\/p>\n<p>Felipe Bonfigli | Ala pivote | 1.97 metros | 21 a\u00f1os | River Plate<br \/>\nTom\u00e1s G\u00f3mez Colloca | Alero | 1.94 metros | 21 a\u00f1os | River Plate<br \/>\nJoaqu\u00edn Ortiz | Escolta | 1.87 metros | 20 a\u00f1os | Temperley<br \/>\nTom\u00e1s Ricci | Escolta | 1.85 metros | 21 a\u00f1os | All Boys<br \/>\nSantiago Yaskulka | Alero | 1.97 metros | 21 a\u00f1os | Ramos Mej\u00eda<br \/>\nAlejo Dig\u00f3n | Ala pivote | 1.92 metros | 22 a\u00f1os | Obras Basket<br \/>\nMat\u00edas Von Schmeling | Ala pivote | 2.02 metros | 20 a\u00f1os | Obras Basket<br \/>\nAlejo Maggi | Ala pivote | 1.99 metros | 19 a\u00f1os | Ferro<br \/>\nFranco Smaniotti | Alero | 1.97 metros | 20 a\u00f1os | Obras Basket<br \/>\nIgnacio Spagnuolo | Alero | 1.92 metros | 23 a\u00f1os | Estudiantil Porte\u00f1o<br \/>\nJorge Quercetti | Ala pivote | 1.98 metros | 23 a\u00f1os | Estudiantil Porte\u00f1o<\/p>\n<p><strong>Argentina 3&#215;3 Femenino<\/strong><\/p>\n<p>Candela Gentinetta | Alera | 1.78 metros | 20 a\u00f1os | Deportivo Berazategui<br \/>\nSof\u00eda Wolf | Escolta | 1.63 metros | 21 a\u00f1os | Deportivo Berazategui<br \/>\nCandela Foresto | Base | 1.61 metros | 22 a\u00f1os | Deportivo Berazategui<br \/>\nAgustina Jourdheuil | Ala pivote | 1.77 metros | 27 a\u00f1os | Deportivo Berazategui<br \/>\nCamila Su\u00e1rez | Base | 1.65 metros | 21 a\u00f1os | Obras Basket<br \/>\nBel\u00e9n Echeverr\u00eda | Ala pivote | 1.74 metros | 32 a\u00f1os | Obras Basket<br \/>\nNicole Tapari | Alera | 1.72 metros | 16 a\u00f1os | Obras Basket<br \/>\nMagal\u00ed Vilches | Ala pivote | 1.80 metros | 19 a\u00f1os | Uni\u00f3n Florida<br \/>\nCarla Miculka | Pivote | 1.80 metros | 28 a\u00f1os | Uni\u00f3n Florida<br \/>\nSol Laviero | Alera | 1.74 metros | 25 a\u00f1os | Uni\u00f3n Florida<br \/>\nFlorencia Galb\u00e1n | Alera | 1.67 metros | 22 a\u00f1os | Deportivo Berazategui<br \/>\nSof\u00eda Acevedo | Base | 1.66 metros | 20 a\u00f1os | Los Indios de Moreno<br \/>\nCamila Peri | Ala pivote | 1.80 metros | 21 a\u00f1os | Lan\u00fas<br \/>\nGeorgina Buzzetti | Pivote | 1.87 metros | 18 a\u00f1os | Ferro.<\/p>\n<p>Fuente: Prensa CAB.<\/p>\n","protected":false},"excerpt":{"rendered":"<p>Con una doble competencia por delante y una disciplina que viene teniendo un desarrollo notable, las Selecciones, tanto la masculina<\/p>\n","protected":false},"author":2,"featured_media":27133,"comment_status":"open","ping_status":"open","sticky":false,"template":"","format":"standard","meta":{"footnotes":""},"categories":[5,24],"tags":[],"class_list":["post-27131","post","type-post","status-publish","format-standard","has-post-thumbnail","hentry","category-basquet","category-noticias-destacadas"],"cc_featured_image_caption":{"caption_text":"","source_text":"","source_url":""},"_links":{"self":[{"href":"https:\/\/todoapulmon-rafaela.com\/index.php\/wp-json\/wp\/v2\/posts\/27131"}],"collection":[{"href":"https:\/\/todoapulmon-rafaela.com\/index.php\/wp-json\/wp\/v2\/posts"}],"about":[{"href":"https:\/\/todoapulmon-rafaela.com\/index.php\/wp-json\/wp\/v2\/types\/post"}],"author":[{"embeddable":true,"href":"https:\/\/todoapulmon-rafaela.com\/index.php\/wp-json\/wp\/v2\/users\/2"}],"replies":[{"embeddable":true,"href":"https:\/\/todoapulmon-rafaela.com\/index.php\/wp-json\/wp\/v2\/comments?post=27131"}],"version-history":[{"count":3,"href":"https:\/\/todoapulmon-rafaela.com\/index.php\/wp-json\/wp\/v2\/posts\/27131\/revisions"}],"predecessor-version":[{"id":27136,"href":"https:\/\/todoapulmon-rafaela.com\/index.php\/wp-json\/wp\/v2\/posts\/27131\/revisions\/27136"}],"wp:featuredmedia":[{"embeddable":true,"href":"https:\/\/todoapulmon-rafaela.com\/index.php\/wp-json\/wp\/v2\/media\/27133"}],"wp:attachment":[{"href":"https:\/\/todoapulmon-rafaela.com\/index.php\/wp-json\/wp\/v2\/media?parent=27131"}],"wp:term":[{"taxonomy":"category","embeddable":true,"href":"https:\/\/todoapulmon-rafaela.com\/index.php\/wp-json\/wp\/v2\/categories?post=27131"},{"taxonomy":"post_tag","embeddable":true,"href":"https:\/\/todoapulmon-rafaela.com\/index.php\/wp-json\/wp\/v2\/tags?post=27131"}],"curies":[{"name":"wp","href":"https:\/\/api.w.org\/{rel}","templated":true}]}}