{"id":27111,"date":"2021-09-20T13:03:23","date_gmt":"2021-09-20T13:03:23","guid":{"rendered":"https:\/\/todoapulmon-rafaela.com\/?p=27111"},"modified":"2021-09-20T13:34:03","modified_gmt":"2021-09-20T13:34:03","slug":"bikers-rafaelinos-se-destacaron-en-funes","status":"publish","type":"post","link":"https:\/\/todoapulmon-rafaela.com\/index.php\/2021\/09\/20\/bikers-rafaelinos-se-destacaron-en-funes\/","title":{"rendered":"Bikers rafaelinos se destacaron en Funes"},"content":{"rendered":"<p>En Funes, cerca de Rosario, se desarroll\u00f3 este domingo una competencia de Rural Bike modalidad pelot\u00f3n, denominada Copa Pini Bike, donde compitieron varios representantes de nuestra ciudad, entre los alrededor de 300 inscriptos.<\/p>\n<figure id=\"attachment_27112\" aria-describedby=\"caption-attachment-27112\" style=\"width: 300px\" class=\"wp-caption alignnone\"><img loading=\"lazy\" decoding=\"async\" class=\"size-medium wp-image-27112\" src=\"https:\/\/todoapulmon-rafaela.com\/wp-content\/uploads\/2021\/09\/Screenshot_20210920-095210_Instagram1-300x286.jpg\" alt=\"\" width=\"300\" height=\"286\" srcset=\"https:\/\/todoapulmon-rafaela.com\/wp-content\/uploads\/2021\/09\/Screenshot_20210920-095210_Instagram1-300x286.jpg 300w, https:\/\/todoapulmon-rafaela.com\/wp-content\/uploads\/2021\/09\/Screenshot_20210920-095210_Instagram1.jpg 720w\" sizes=\"(max-width: 300px) 100vw, 300px\" \/><figcaption id=\"caption-attachment-27112\" class=\"wp-caption-text\">Jose Leandri gan\u00f3 dn Sub 23.<\/figcaption><\/figure>\n<p>Cabe destacar los triunfos de Jos\u00e9 Leandri en Sub 23 y de Edgardo Rasetto en Master B1 en varones, mientras que en Damas A se impuso Gisela Catt\u00e1neo, siendo segunda Carolina Antelo. En Damas C obtuvo el segundo puesto Rosal\u00eda Gentinetta, para mencionar los mejores puestos obtenidos.<\/p>\n<p>En la General de Damas tambi\u00e9n se impuso Catt\u00e1neo con un tiempo de 2h28m28s, con 5 segundos de ventaja sobre Antelo.<\/p>\n<p>&nbsp;<\/p>\n<figure id=\"attachment_27113\" aria-describedby=\"caption-attachment-27113\" style=\"width: 300px\" class=\"wp-caption alignnone\"><img loading=\"lazy\" decoding=\"async\" class=\"size-medium wp-image-27113\" src=\"https:\/\/todoapulmon-rafaela.com\/wp-content\/uploads\/2021\/09\/Screenshot_20210920-095627_Instagram1-300x204.jpg\" alt=\"\" width=\"300\" height=\"204\" srcset=\"https:\/\/todoapulmon-rafaela.com\/wp-content\/uploads\/2021\/09\/Screenshot_20210920-095627_Instagram1-300x204.jpg 300w, https:\/\/todoapulmon-rafaela.com\/wp-content\/uploads\/2021\/09\/Screenshot_20210920-095627_Instagram1.jpg 719w\" sizes=\"(max-width: 300px) 100vw, 300px\" \/><figcaption id=\"caption-attachment-27113\" class=\"wp-caption-text\">El podio de Edgardo Rasetto<\/figcaption><\/figure>\n<p>La General masculina fue para el esperancino Jorge Mathieu con un tiempo de 2h02m28s. Jos\u00e9 Leandri fue el rafaelino con mejor tiempo, noveno, en 2h05m30s.<\/p>\n<p><img loading=\"lazy\" decoding=\"async\" class=\"alignnone size-medium wp-image-24444\" src=\"https:\/\/todoapulmon-rafaela.com\/wp-content\/uploads\/2021\/03\/Logo-Leandri-2-300x108.jpg\" alt=\"\" width=\"300\" height=\"108\" srcset=\"https:\/\/todoapulmon-rafaela.com\/wp-content\/uploads\/2021\/03\/Logo-Leandri-2-300x108.jpg 300w, https:\/\/todoapulmon-rafaela.com\/wp-content\/uploads\/2021\/03\/Logo-Leandri-2.jpg 896w\" sizes=\"(max-width: 300px) 100vw, 300px\" \/><\/p>\n<p>Las clasificaciones completas en:<\/p>\n<div class=\"\" dir=\"auto\">\n<div id=\"jsc_c_7nu\" class=\"ecm0bbzt hv4rvrfc ihqw7lf3 dati1w0a\" data-ad-comet-preview=\"message\" data-ad-preview=\"message\">\n<div class=\"j83agx80 cbu4d94t ew0dbk1b irj2b8pg\">\n<div class=\"qzhwtbm6 knvmm38d\">\n<div class=\"o9v6fnle cxmmr5t8 oygrvhab hcukyx3x c1et5uql ii04i59q\">\n<div dir=\"auto\">LINK <a class=\"oajrlxb2 g5ia77u1 qu0x051f esr5mh6w e9989ue4 r7d6kgcz rq0escxv nhd2j8a9 nc684nl6 p7hjln8o kvgmc6g5 cxmmr5t8 oygrvhab hcukyx3x jb3vyjys rz4wbd8a qt6c0cv9 a8nywdso i1ao9s8h esuyzwwr f1sip0of lzcic4wl py34i1dx gpro0wi8\" role=\"link\" href=\"https:\/\/bit.ly\/2XuZSQu?fbclid=IwAR3Z__5DuR1rfddsPHaKoQ9qm7MvIKqs8xDQHwCVwLK9udxMs3BSRVhXOtY\" target=\"_blank\" rel=\"nofollow noopener\">https:\/\/bit.ly\/2XuZSQu<\/a><\/div>\n<\/div>\n<\/div>\n<\/div>\n<\/div>\n<\/div>\n<div id=\"jsc_c_7nv\" class=\"l9j0dhe7\">\n<div class=\"l9j0dhe7\">\n<div class=\"b3i9ofy5 l9j0dhe7 du4w35lb\">\n<div class=\"qc3rp1z7 s44p3ltw afxsp9o4 t51s4qs2 goun2846 frvqaej8 j83agx80 btwxx1t3 l9j0dhe7\">\n<div class=\"bv6zxntz ccm00jje ed0hlay0 pfnyh3mw eoz5dt3p l9j0dhe7 tctrgbve\">\n<div class=\"do00u71z l9j0dhe7 k4urcfbm ni8dbmo4 stjgntxs\">\n<div class=\"gs1a9yip ow4ym5g4 auili1gw j83agx80 cbu4d94t buofh1pr g5gj957u i1fnvgqd oygrvhab cxmmr5t8 hcukyx3x kvgmc6g5 tgvbjcpo hpfvmrgz qt6c0cv9 rz4wbd8a a8nywdso jb3vyjys du4w35lb i09qtzwb rq0escxv n7fi1qx3 pmk7jnqg j9ispegn kr520xx4\">\n<div class=\"do00u71z l9j0dhe7 k4urcfbm ni8dbmo4 stjgntxs\">\n<div class=\"gs1a9yip ow4ym5g4 auili1gw j83agx80 cbu4d94t buofh1pr g5gj957u i1fnvgqd oygrvhab cxmmr5t8 hcukyx3x kvgmc6g5 tgvbjcpo hpfvmrgz qt6c0cv9 rz4wbd8a a8nywdso jb3vyjys du4w35lb i09qtzwb rq0escxv n7fi1qx3 pmk7jnqg j9ispegn kr520xx4\">Resultados por Categor\u00edas y Generales COPA PINI BIKE 2021.xlsx &#8211; Google Drive<\/div>\n<\/div>\n<\/div>\n<\/div>\n<\/div>\n<\/div>\n<\/div>\n<\/div>\n<\/div>\n<p>&nbsp;<\/p>\n","protected":false},"excerpt":{"rendered":"<p>En Funes, cerca de Rosario, se desarroll\u00f3 este domingo una competencia de Rural Bike modalidad pelot\u00f3n, denominada Copa Pini Bike,<\/p>\n","protected":false},"author":2,"featured_media":27119,"comment_status":"open","ping_status":"open","sticky":false,"template":"","format":"standard","meta":{"footnotes":""},"categories":[4,24],"tags":[],"class_list":["post-27111","post","type-post","status-publish","format-standard","has-post-thumbnail","hentry","category-ciclismo","category-noticias-destacadas"],"cc_featured_image_caption":{"caption_text":"La general de damas fue para Gise Catt\u00e1neo y segunda Carolina Antelo.","source_text":"","source_url":""},"_links":{"self":[{"href":"https:\/\/todoapulmon-rafaela.com\/index.php\/wp-json\/wp\/v2\/posts\/27111"}],"collection":[{"href":"https:\/\/todoapulmon-rafaela.com\/index.php\/wp-json\/wp\/v2\/posts"}],"about":[{"href":"https:\/\/todoapulmon-rafaela.com\/index.php\/wp-json\/wp\/v2\/types\/post"}],"author":[{"embeddable":true,"href":"https:\/\/todoapulmon-rafaela.com\/index.php\/wp-json\/wp\/v2\/users\/2"}],"replies":[{"embeddable":true,"href":"https:\/\/todoapulmon-rafaela.com\/index.php\/wp-json\/wp\/v2\/comments?post=27111"}],"version-history":[{"count":3,"href":"https:\/\/todoapulmon-rafaela.com\/index.php\/wp-json\/wp\/v2\/posts\/27111\/revisions"}],"predecessor-version":[{"id":27118,"href":"https:\/\/todoapulmon-rafaela.com\/index.php\/wp-json\/wp\/v2\/posts\/27111\/revisions\/27118"}],"wp:featuredmedia":[{"embeddable":true,"href":"https:\/\/todoapulmon-rafaela.com\/index.php\/wp-json\/wp\/v2\/media\/27119"}],"wp:attachment":[{"href":"https:\/\/todoapulmon-rafaela.com\/index.php\/wp-json\/wp\/v2\/media?parent=27111"}],"wp:term":[{"taxonomy":"category","embeddable":true,"href":"https:\/\/todoapulmon-rafaela.com\/index.php\/wp-json\/wp\/v2\/categories?post=27111"},{"taxonomy":"post_tag","embeddable":true,"href":"https:\/\/todoapulmon-rafaela.com\/index.php\/wp-json\/wp\/v2\/tags?post=27111"}],"curies":[{"name":"wp","href":"https:\/\/api.w.org\/{rel}","templated":true}]}}