{"id":27068,"date":"2021-09-18T22:46:48","date_gmt":"2021-09-18T22:46:48","guid":{"rendered":"https:\/\/todoapulmon-rafaela.com\/?p=27068"},"modified":"2021-09-19T13:38:52","modified_gmt":"2021-09-19T13:38:52","slug":"pedro-emmert-campeon-de-los-400-metros-en-el-nacional-u23","status":"publish","type":"post","link":"https:\/\/todoapulmon-rafaela.com\/index.php\/2021\/09\/18\/pedro-emmert-campeon-de-los-400-metros-en-el-nacional-u23\/","title":{"rendered":"Pedro Emmert campe\u00f3n de los 400 metros en el Nacional U23"},"content":{"rendered":"<p>Confirmando su buen presente que lo tiene como uno de las promesas del atletismo argentino, el rafaelino Pedro Emmert se consagr\u00f3 este s\u00e1bado campe\u00f3n nacional U23 en los 400 metros llanos dentro de la jornada inicial del torneo que se realiza en el CENARD.<\/p>\n<p>En la ma\u00f1ana, el atleta que tiene categor\u00eda U20 consigui\u00f3 imponerse con claridad en la serie con 48s45, que le proporcion\u00f3 el mejor tiempo entre los tres parciales. En la final baj\u00f3 un poco ese tiempo, consiguiendo la medalla de oro con 48s22 para uno de los logros principales de la delegaci\u00f3n santafesina en este d\u00eda. Segundo qued\u00f3 el chubutense Marcos Villagra y tercero Juli\u00e1n Pereyra, de la FAM.<\/p>\n<table id=\"dataTables-example\" class=\"table table-striped table-bordered table-hover\">\n<thead>\n<tr>\n<th>Puesto<\/th>\n<th>N\u00b0<\/th>\n<th>Andanivel<\/th>\n<th>Nombre<\/th>\n<th>Dia<\/th>\n<th>Mes<\/th>\n<th>A\u00f1o<\/th>\n<th>Pcia<\/th>\n<th>Marca<\/th>\n<\/tr>\n<\/thead>\n<tbody>\n<tr class=\"odd gradeX\">\n<td>01<\/td>\n<td><\/td>\n<td>4<\/td>\n<td class=\"initialism\">PEDRO EMMERT<\/td>\n<td class=\"center\">11<\/td>\n<td class=\"center\">6<\/td>\n<td class=\"center\">2002<\/td>\n<td class=\"center\">SF<\/td>\n<td class=\"center\"><strong>48.22<\/strong><\/td>\n<\/tr>\n<tr class=\"odd gradeX\">\n<td>02<\/td>\n<td><\/td>\n<td>3<\/td>\n<td class=\"initialism\">VILLAGRA MARCOS ANDRES<\/td>\n<td class=\"center\">26<\/td>\n<td class=\"center\">2<\/td>\n<td class=\"center\">2001<\/td>\n<td class=\"center\">CHU<\/td>\n<td class=\"center\"><strong>49.14<\/strong><\/td>\n<\/tr>\n<tr class=\"odd gradeX\">\n<td>03<\/td>\n<td><\/td>\n<td>6<\/td>\n<td class=\"initialism\">PEREYRA JULIAN<\/td>\n<td class=\"center\">24<\/td>\n<td class=\"center\">12<\/td>\n<td class=\"center\">1999<\/td>\n<td class=\"center\">FAM<\/td>\n<td class=\"center\"><strong>49.43<\/strong><\/td>\n<\/tr>\n<tr class=\"odd gradeX\">\n<td>04<\/td>\n<td><\/td>\n<td>7<\/td>\n<td class=\"initialism\">HILCHENBACH FEDERICO<\/td>\n<td class=\"center\">1<\/td>\n<td class=\"center\">2<\/td>\n<td class=\"center\">1999<\/td>\n<td class=\"center\">FAM<\/td>\n<td class=\"center\"><strong>49.75<\/strong><\/td>\n<\/tr>\n<tr class=\"odd gradeX\">\n<td>05<\/td>\n<td><\/td>\n<td>5<\/td>\n<td class=\"initialism\">ALEGRE LAUTARO<\/td>\n<td class=\"center\">13<\/td>\n<td class=\"center\">4<\/td>\n<td class=\"center\">1999<\/td>\n<td class=\"center\">SF<\/td>\n<td class=\"center\"><strong>49.87<\/strong><\/td>\n<\/tr>\n<tr class=\"odd gradeX\">\n<td>06<\/td>\n<td><\/td>\n<td>2<\/td>\n<td class=\"initialism\">PAEZ FIGUEROA TOMAS AGUSTIN<\/td>\n<td class=\"center\">19<\/td>\n<td class=\"center\">6<\/td>\n<td class=\"center\">2002<\/td>\n<td class=\"center\">SL<\/td>\n<td class=\"center\"><strong>50.58<\/strong><\/td>\n<\/tr>\n<tr class=\"odd gradeX\">\n<td>07<\/td>\n<td><\/td>\n<td>1<\/td>\n<td class=\"initialism\">TEIRA I\u00d1AKI<\/td>\n<td class=\"center\">10<\/td>\n<td class=\"center\">7<\/td>\n<td class=\"center\">2002<\/td>\n<td class=\"center\">FAM<\/td>\n<td class=\"center\"><strong>51.00<\/strong><\/td>\n<\/tr>\n<tr class=\"odd gradeX\">\n<td>08<\/td>\n<td><\/td>\n<td>8<\/td>\n<td class=\"initialism\">ILLESCA EVER<\/td>\n<td class=\"center\">9<\/td>\n<td class=\"center\">5<\/td>\n<td class=\"center\">2001<\/td>\n<td class=\"center\">SL<\/td>\n<td class=\"center\"><strong>53.33<\/strong><\/td>\n<\/tr>\n<\/tbody>\n<\/table>\n<p>Cabe destacar que este domingo, Emmert competir\u00e1 tambi\u00e9n en los 800 metros llanos.<\/p>\n<p>PLATA EN LA POSTA<\/p>\n<p>Tambi\u00e9n hoy Pedro Emmert, junto al tambi\u00e9n rafaelino Maximiliano Fagnola, m\u00e1s Zahir Romano y Alejo Pafundi lograron la medalla de plata en la posta 4&#215;100.<\/p>\n<p>BALANCE GENERAL<\/p>\n<p>Guillermina Cossio, santafesina, oriunda de Murphy, igual\u00f3 el r\u00e9cord nacional de los 100 metros llanos para su categor\u00eda con 11s.68, marca que logr\u00f3 tanto en las eliminatorias como en la final. Cossio registr\u00f3 dicha marca con viento de 1.9 ms en la segunda serie, donde la puntana Valentina Polanco fue su escolta con 12s03, en tanto la menor santafesina Malena Gobbo ganaba la serie inicial con 12s19w. En la prueba decisiva, con viento de 1.2ms a favor, nuevamente Cossio consigui\u00f3 los 11.68, que igualaban el tope argentino u23 en poder de D\u00e9borah Bell desde 1987. La medalla de plata fue para Polanco con 12s18 y Gobbo logr\u00f3 el tercer puesto con 12s19.<\/p>\n<p>En la misma especialidad, pero entre los hombres, el local Franco Florio demostr\u00f3 que est\u00e1 recuperando su mejor forma y gan\u00f3 con excelentes 10s.35, con viento de 1.8ms. Florio fue escoltado por el mendocino Agust\u00edn Nahuel Pinti con marca personal de 10s44, quedando la medalla de bronce para Alejo Pafundi con 10s66. Tanto Florio como Pinti hab\u00edan avanzado a la final del \u00faltimo Sudamericano en Guayaquil y aspiran a repetir, y a\u00fan mejorar, en el Sudamericano u23 que se disputar\u00e1 el mes pr\u00f3ximo en la misma ciudad.<\/p>\n<p>Una de las cartas principales del atletismo argentino para dicha cita es el lanzador entrerriano Nazareno Sasia, quien este s\u00e1bado se impuso en bala con 18.21, prueba en la cual los juveniles Juan Arri\u00e9guez (15.58) y Am\u00edlcar Dambolena (14.91) fueron sus escoltas.<\/p>\n<p>Los otros vencedores de hombres en el turno vespertino fueron Jos\u00e9 Zabala (4m00s.64 en 1500), Juli\u00e1n Berca (15s.02w en 110 metros con vallas) y Ezequiel Bustamante con 7.20 m. en salto en largo. En damas ganaron Candela Bel\u00e1ustegui (58s.37 en 400), Clara Baiocchi (4m40s72 en 1500), Luciana G\u00f3mez Iriondo (3.65 en garrocha), Sof\u00eda Levrino (5.79w en salto en largo) y Natalia Boggero (11.85 en bala).<\/p>\n<p>Otro de los nombres destacados del d\u00eda fue el de Valentina Polanco quien, adem\u00e1s del segundo lugar en los 100 llanos, logr\u00f3 los 100 metros vallas con 14s03, aunque con viento a favor de 2,6 ms.<\/p>\n","protected":false},"excerpt":{"rendered":"<p>Confirmando su buen presente que lo tiene como uno de las promesas del atletismo argentino, el rafaelino Pedro Emmert se<\/p>\n","protected":false},"author":2,"featured_media":27069,"comment_status":"open","ping_status":"open","sticky":false,"template":"","format":"standard","meta":{"footnotes":""},"categories":[7,24],"tags":[],"class_list":["post-27068","post","type-post","status-publish","format-standard","has-post-thumbnail","hentry","category-atletismo","category-noticias-destacadas"],"cc_featured_image_caption":{"caption_text":"Podio de los 400 llanos ganados por el rafaelino (foto Webfam).","source_text":"","source_url":""},"_links":{"self":[{"href":"https:\/\/todoapulmon-rafaela.com\/index.php\/wp-json\/wp\/v2\/posts\/27068"}],"collection":[{"href":"https:\/\/todoapulmon-rafaela.com\/index.php\/wp-json\/wp\/v2\/posts"}],"about":[{"href":"https:\/\/todoapulmon-rafaela.com\/index.php\/wp-json\/wp\/v2\/types\/post"}],"author":[{"embeddable":true,"href":"https:\/\/todoapulmon-rafaela.com\/index.php\/wp-json\/wp\/v2\/users\/2"}],"replies":[{"embeddable":true,"href":"https:\/\/todoapulmon-rafaela.com\/index.php\/wp-json\/wp\/v2\/comments?post=27068"}],"version-history":[{"count":2,"href":"https:\/\/todoapulmon-rafaela.com\/index.php\/wp-json\/wp\/v2\/posts\/27068\/revisions"}],"predecessor-version":[{"id":27075,"href":"https:\/\/todoapulmon-rafaela.com\/index.php\/wp-json\/wp\/v2\/posts\/27068\/revisions\/27075"}],"wp:featuredmedia":[{"embeddable":true,"href":"https:\/\/todoapulmon-rafaela.com\/index.php\/wp-json\/wp\/v2\/media\/27069"}],"wp:attachment":[{"href":"https:\/\/todoapulmon-rafaela.com\/index.php\/wp-json\/wp\/v2\/media?parent=27068"}],"wp:term":[{"taxonomy":"category","embeddable":true,"href":"https:\/\/todoapulmon-rafaela.com\/index.php\/wp-json\/wp\/v2\/categories?post=27068"},{"taxonomy":"post_tag","embeddable":true,"href":"https:\/\/todoapulmon-rafaela.com\/index.php\/wp-json\/wp\/v2\/tags?post=27068"}],"curies":[{"name":"wp","href":"https:\/\/api.w.org\/{rel}","templated":true}]}}