{"id":2706,"date":"2016-09-22T23:18:46","date_gmt":"2016-09-22T23:18:46","guid":{"rendered":"http:\/\/todoapulmon-rafaela.com\/?p=2706"},"modified":"2016-09-22T23:18:46","modified_gmt":"2016-09-22T23:18:46","slug":"josefina-rico-estoy-contenta-con-lo-que-hice","status":"publish","type":"post","link":"https:\/\/todoapulmon-rafaela.com\/index.php\/2016\/09\/22\/josefina-rico-estoy-contenta-con-lo-que-hice\/","title":{"rendered":"Josefina Rico: \u00abestoy contenta con lo que hice\u00bb"},"content":{"rendered":"<p>Luego de su participaci\u00f3n en el FEI Am\u00e9ricas de saltos h\u00edpicos, realizado en San Pablo hace algunos d\u00edas, dialogamos este jueves en Todo a Pulm\u00f3n radio con la amazona Josefina Rico. Acompa\u00f1ada por su entrenadora en el Jockey Club de Rafaela, Vanesa Perotti, se mostr\u00f3 satisfecha por la performance alcanzada montando a Entrerriano JR.<\/p>\n<p>En la categor\u00eda Junior, a 1m40 de altura, la rafaelina logr\u00f3 junto al equipo argentino la medalla de bronce en la prueba por equipos y fue la mejor representante nacional en la prueba individual.<\/p>\n<p>Aqu\u00ed el audio de la nota en FM Unirred:<\/p>\n<!--[if lt IE 9]><script>document.createElement('audio');<\/script><![endif]-->\n<audio class=\"wp-audio-shortcode\" id=\"audio-2706-1\" preload=\"none\" style=\"width: 100%;\" controls=\"controls\"><source type=\"audio\/mpeg\" src=\"http:\/\/todoapulmon-rafaela.com\/wp-content\/uploads\/2016\/09\/23-9-16-PEROTTI.mp3?_=1\" \/><a href=\"http:\/\/todoapulmon-rafaela.com\/wp-content\/uploads\/2016\/09\/23-9-16-PEROTTI.mp3\">http:\/\/todoapulmon-rafaela.com\/wp-content\/uploads\/2016\/09\/23-9-16-PEROTTI.mp3<\/a><\/audio>\n","protected":false},"excerpt":{"rendered":"<p>Luego de su participaci\u00f3n en el FEI Am\u00e9ricas de saltos h\u00edpicos, realizado en San Pablo hace algunos d\u00edas, dialogamos este<\/p>\n","protected":false},"author":2,"featured_media":2707,"comment_status":"open","ping_status":"open","sticky":false,"template":"","format":"standard","meta":{"footnotes":""},"categories":[24,15],"tags":[],"class_list":["post-2706","post","type-post","status-publish","format-standard","has-post-thumbnail","hentry","category-noticias-destacadas","category-saltos-hipicos"],"cc_featured_image_caption":{"caption_text":"Josefina Rico y Vanesa Perotti estuvieron en Todo a Pulm\u00f3n radio.","source_text":"","source_url":""},"_links":{"self":[{"href":"https:\/\/todoapulmon-rafaela.com\/index.php\/wp-json\/wp\/v2\/posts\/2706"}],"collection":[{"href":"https:\/\/todoapulmon-rafaela.com\/index.php\/wp-json\/wp\/v2\/posts"}],"about":[{"href":"https:\/\/todoapulmon-rafaela.com\/index.php\/wp-json\/wp\/v2\/types\/post"}],"author":[{"embeddable":true,"href":"https:\/\/todoapulmon-rafaela.com\/index.php\/wp-json\/wp\/v2\/users\/2"}],"replies":[{"embeddable":true,"href":"https:\/\/todoapulmon-rafaela.com\/index.php\/wp-json\/wp\/v2\/comments?post=2706"}],"version-history":[{"count":1,"href":"https:\/\/todoapulmon-rafaela.com\/index.php\/wp-json\/wp\/v2\/posts\/2706\/revisions"}],"predecessor-version":[{"id":2709,"href":"https:\/\/todoapulmon-rafaela.com\/index.php\/wp-json\/wp\/v2\/posts\/2706\/revisions\/2709"}],"wp:featuredmedia":[{"embeddable":true,"href":"https:\/\/todoapulmon-rafaela.com\/index.php\/wp-json\/wp\/v2\/media\/2707"}],"wp:attachment":[{"href":"https:\/\/todoapulmon-rafaela.com\/index.php\/wp-json\/wp\/v2\/media?parent=2706"}],"wp:term":[{"taxonomy":"category","embeddable":true,"href":"https:\/\/todoapulmon-rafaela.com\/index.php\/wp-json\/wp\/v2\/categories?post=2706"},{"taxonomy":"post_tag","embeddable":true,"href":"https:\/\/todoapulmon-rafaela.com\/index.php\/wp-json\/wp\/v2\/tags?post=2706"}],"curies":[{"name":"wp","href":"https:\/\/api.w.org\/{rel}","templated":true}]}}