{"id":2700,"date":"2016-09-22T12:29:35","date_gmt":"2016-09-22T12:29:35","guid":{"rendered":"http:\/\/todoapulmon-rafaela.com\/?p=2700"},"modified":"2016-09-22T12:34:07","modified_gmt":"2016-09-22T12:34:07","slug":"agostini-y-suarez-concentrados-rumbo-al-panamericano","status":"publish","type":"post","link":"https:\/\/todoapulmon-rafaela.com\/index.php\/2016\/09\/22\/agostini-y-suarez-concentrados-rumbo-al-panamericano\/","title":{"rendered":"Agostini y Suarez concentrados rumbo al Panamericano"},"content":{"rendered":"<p>Ya se encuentran alojados en el Cenard, en Buenos Aires, y entrenando en el Circuito KDT los representantes de la selecci\u00f3n Argentina de ciclismo que participar\u00e1 del Campeonato Panamericano de Ciclismo de Pista de Aguascalientes, M\u00e9xico, del 5 al 9 de octubre.<\/p>\n<p>Los rafaelinos Mauro Agostini y Farid Suarez forman parte del grupo que intentar\u00e1 traer medallas en la cita continental de de este deporte. Los dem\u00e1s miembros del equipo, de acuerdo a lo informado por la FACPyR son: Leandro Bottasso, Juan I. Curuchet, Facundo Crisafulli, Ludmila Piriz, Rub\u00e9n Ramos, Juan P. Serrano, Mario Sosa, Sebasti\u00e1n Trillini, Danilo Magnoni, Hugo Velazquez y Pablo Perrochoud.<\/p>\n","protected":false},"excerpt":{"rendered":"<p>Ya se encuentran alojados en el Cenard, en Buenos Aires, y entrenando en el Circuito KDT los representantes de la<\/p>\n","protected":false},"author":2,"featured_media":2701,"comment_status":"open","ping_status":"open","sticky":false,"template":"","format":"standard","meta":{"footnotes":""},"categories":[4,24],"tags":[],"class_list":["post-2700","post","type-post","status-publish","format-standard","has-post-thumbnail","hentry","category-ciclismo","category-noticias-destacadas"],"cc_featured_image_caption":{"caption_text":"Mauro Agostini y Farid Suarez, junto al equipo argentino, est\u00e1n enfocados en el Panamericano.","source_text":"","source_url":""},"_links":{"self":[{"href":"https:\/\/todoapulmon-rafaela.com\/index.php\/wp-json\/wp\/v2\/posts\/2700"}],"collection":[{"href":"https:\/\/todoapulmon-rafaela.com\/index.php\/wp-json\/wp\/v2\/posts"}],"about":[{"href":"https:\/\/todoapulmon-rafaela.com\/index.php\/wp-json\/wp\/v2\/types\/post"}],"author":[{"embeddable":true,"href":"https:\/\/todoapulmon-rafaela.com\/index.php\/wp-json\/wp\/v2\/users\/2"}],"replies":[{"embeddable":true,"href":"https:\/\/todoapulmon-rafaela.com\/index.php\/wp-json\/wp\/v2\/comments?post=2700"}],"version-history":[{"count":4,"href":"https:\/\/todoapulmon-rafaela.com\/index.php\/wp-json\/wp\/v2\/posts\/2700\/revisions"}],"predecessor-version":[{"id":2705,"href":"https:\/\/todoapulmon-rafaela.com\/index.php\/wp-json\/wp\/v2\/posts\/2700\/revisions\/2705"}],"wp:featuredmedia":[{"embeddable":true,"href":"https:\/\/todoapulmon-rafaela.com\/index.php\/wp-json\/wp\/v2\/media\/2701"}],"wp:attachment":[{"href":"https:\/\/todoapulmon-rafaela.com\/index.php\/wp-json\/wp\/v2\/media?parent=2700"}],"wp:term":[{"taxonomy":"category","embeddable":true,"href":"https:\/\/todoapulmon-rafaela.com\/index.php\/wp-json\/wp\/v2\/categories?post=2700"},{"taxonomy":"post_tag","embeddable":true,"href":"https:\/\/todoapulmon-rafaela.com\/index.php\/wp-json\/wp\/v2\/tags?post=2700"}],"curies":[{"name":"wp","href":"https:\/\/api.w.org\/{rel}","templated":true}]}}