{"id":26992,"date":"2021-09-14T18:50:21","date_gmt":"2021-09-14T18:50:21","guid":{"rendered":"https:\/\/todoapulmon-rafaela.com\/?p=26992"},"modified":"2021-09-14T19:06:41","modified_gmt":"2021-09-14T19:06:41","slug":"cinco-atletas-rafaelinos-en-el-equipo-de-santa-fe-para-el-nacional-u23","status":"publish","type":"post","link":"https:\/\/todoapulmon-rafaela.com\/index.php\/2021\/09\/14\/cinco-atletas-rafaelinos-en-el-equipo-de-santa-fe-para-el-nacional-u23\/","title":{"rendered":"Cinco atletas rafaelinos en el equipo de Santa Fe para el Nacional U23"},"content":{"rendered":"<p>El venidero fin de semana, 18 y 19 de septiembre, la pista del CENARD en Buenos Aires ser\u00e1 escenario del 17\u00b0 Campeonato Nacional U-23, que no se pudo realizar por la pandemia en el 2020, y este a\u00f1o sufri\u00f3 postergaci\u00f3n por el mismo motivo. \u00a0Este torneo ser\u00e1 el cierre del proceso selectivo que se iniciara en los Grand Prix, con motivo de integrar el equipo al IX\u00b0 Campeonato del Atletismo Sudamericano U-23.<\/p>\n<p>El equipo de Santa Fe ser\u00e1 integrado por unos 40 deportistas, estando confirmada la presencia de cinco atletas de nuestra ciudad, de acuerdo a este detalle:<\/p>\n<p>Pedro Emmert: 400 y 800 metros llanos.<\/p>\n<p>Maximiliano Fagnola: salto triple.<\/p>\n<p><img loading=\"lazy\" decoding=\"async\" class=\"alignnone size-medium wp-image-26994\" src=\"https:\/\/todoapulmon-rafaela.com\/wp-content\/uploads\/2021\/09\/Maximiliano-Fagnola-225x300.png\" alt=\"\" width=\"225\" height=\"300\" srcset=\"https:\/\/todoapulmon-rafaela.com\/wp-content\/uploads\/2021\/09\/Maximiliano-Fagnola-225x300.png 225w, https:\/\/todoapulmon-rafaela.com\/wp-content\/uploads\/2021\/09\/Maximiliano-Fagnola.png 720w\" sizes=\"(max-width: 225px) 100vw, 225px\" \/><\/p>\n<p>Valent\u00edn Menossi: lanzamiento de martillo.<\/p>\n<p><img loading=\"lazy\" decoding=\"async\" class=\"alignnone size-medium wp-image-26995\" src=\"https:\/\/todoapulmon-rafaela.com\/wp-content\/uploads\/2021\/09\/Menossi-1-153x300.png\" alt=\"\" width=\"153\" height=\"300\" srcset=\"https:\/\/todoapulmon-rafaela.com\/wp-content\/uploads\/2021\/09\/Menossi-1-153x300.png 153w, https:\/\/todoapulmon-rafaela.com\/wp-content\/uploads\/2021\/09\/Menossi-1.png 194w\" sizes=\"(max-width: 153px) 100vw, 153px\" \/><\/p>\n<p>Abril Okon: 110 metros con vallas y salto en alto.<\/p>\n<p><img loading=\"lazy\" decoding=\"async\" class=\"alignnone size-medium wp-image-26996\" src=\"https:\/\/todoapulmon-rafaela.com\/wp-content\/uploads\/2021\/09\/Okon-en-Lima-300x300.jpg\" alt=\"\" width=\"300\" height=\"300\" srcset=\"https:\/\/todoapulmon-rafaela.com\/wp-content\/uploads\/2021\/09\/Okon-en-Lima-300x300.jpg 300w, https:\/\/todoapulmon-rafaela.com\/wp-content\/uploads\/2021\/09\/Okon-en-Lima-1500x1500.jpg 1500w, https:\/\/todoapulmon-rafaela.com\/wp-content\/uploads\/2021\/09\/Okon-en-Lima-150x150.jpg 150w, https:\/\/todoapulmon-rafaela.com\/wp-content\/uploads\/2021\/09\/Okon-en-Lima-1536x1536.jpg 1536w, https:\/\/todoapulmon-rafaela.com\/wp-content\/uploads\/2021\/09\/Okon-en-Lima.jpg 2048w\" sizes=\"(max-width: 300px) 100vw, 300px\" \/><\/p>\n<p>Virginia Abb\u00e1: lanzamiento de martillo.<\/p>\n<p><img loading=\"lazy\" decoding=\"async\" class=\"alignnone size-medium wp-image-26997\" src=\"https:\/\/todoapulmon-rafaela.com\/wp-content\/uploads\/2021\/09\/Virginia-Abba-300x300.jpg\" alt=\"\" width=\"300\" height=\"300\" srcset=\"https:\/\/todoapulmon-rafaela.com\/wp-content\/uploads\/2021\/09\/Virginia-Abba-300x300.jpg 300w, https:\/\/todoapulmon-rafaela.com\/wp-content\/uploads\/2021\/09\/Virginia-Abba-150x150.jpg 150w, https:\/\/todoapulmon-rafaela.com\/wp-content\/uploads\/2021\/09\/Virginia-Abba.jpg 960w\" sizes=\"(max-width: 300px) 100vw, 300px\" \/><\/p>\n<p>Emmert entrena habitualmente en el CENARD, ya que forma parte de las filas del Club Quir\u00f3n de Buenos Aires. En tanto, Fagnola actualmente est\u00e1 representando a Velocidad y Resistencia de Santa Fe. Menossi, Okon y Abb\u00e1 son entrenados por Leandro Bonamino en el CRAS.<\/p>\n<p>En el equipo provincial figura tambi\u00e9n la rosarina Victoria Olives, bajo el plan de entrenamiento de Ariel Magallanes, tambi\u00e9n entrenador de CRAS.<\/p>\n","protected":false},"excerpt":{"rendered":"<p>El venidero fin de semana, 18 y 19 de septiembre, la pista del CENARD en Buenos Aires ser\u00e1 escenario del<\/p>\n","protected":false},"author":2,"featured_media":26993,"comment_status":"open","ping_status":"open","sticky":false,"template":"","format":"standard","meta":{"footnotes":""},"categories":[7,24],"tags":[],"class_list":["post-26992","post","type-post","status-publish","format-standard","has-post-thumbnail","hentry","category-atletismo","category-noticias-destacadas"],"cc_featured_image_caption":{"caption_text":"Pedro Emmert, uno de los candidatos a obtener medallas en 400 y 800 metros llanos.","source_text":"","source_url":""},"_links":{"self":[{"href":"https:\/\/todoapulmon-rafaela.com\/index.php\/wp-json\/wp\/v2\/posts\/26992"}],"collection":[{"href":"https:\/\/todoapulmon-rafaela.com\/index.php\/wp-json\/wp\/v2\/posts"}],"about":[{"href":"https:\/\/todoapulmon-rafaela.com\/index.php\/wp-json\/wp\/v2\/types\/post"}],"author":[{"embeddable":true,"href":"https:\/\/todoapulmon-rafaela.com\/index.php\/wp-json\/wp\/v2\/users\/2"}],"replies":[{"embeddable":true,"href":"https:\/\/todoapulmon-rafaela.com\/index.php\/wp-json\/wp\/v2\/comments?post=26992"}],"version-history":[{"count":1,"href":"https:\/\/todoapulmon-rafaela.com\/index.php\/wp-json\/wp\/v2\/posts\/26992\/revisions"}],"predecessor-version":[{"id":26998,"href":"https:\/\/todoapulmon-rafaela.com\/index.php\/wp-json\/wp\/v2\/posts\/26992\/revisions\/26998"}],"wp:featuredmedia":[{"embeddable":true,"href":"https:\/\/todoapulmon-rafaela.com\/index.php\/wp-json\/wp\/v2\/media\/26993"}],"wp:attachment":[{"href":"https:\/\/todoapulmon-rafaela.com\/index.php\/wp-json\/wp\/v2\/media?parent=26992"}],"wp:term":[{"taxonomy":"category","embeddable":true,"href":"https:\/\/todoapulmon-rafaela.com\/index.php\/wp-json\/wp\/v2\/categories?post=26992"},{"taxonomy":"post_tag","embeddable":true,"href":"https:\/\/todoapulmon-rafaela.com\/index.php\/wp-json\/wp\/v2\/tags?post=26992"}],"curies":[{"name":"wp","href":"https:\/\/api.w.org\/{rel}","templated":true}]}}