{"id":26820,"date":"2021-09-05T18:40:16","date_gmt":"2021-09-05T18:40:16","guid":{"rendered":"https:\/\/todoapulmon-rafaela.com\/?p=26820"},"modified":"2021-09-05T18:40:16","modified_gmt":"2021-09-05T18:40:16","slug":"doblete-de-mondino-en-misiones","status":"publish","type":"post","link":"https:\/\/todoapulmon-rafaela.com\/index.php\/2021\/09\/05\/doblete-de-mondino-en-misiones\/","title":{"rendered":"Doblete de Mondino en Misiones"},"content":{"rendered":"<p>Este domingo Tom\u00e1s Mondino ratific\u00f3 su condici\u00f3n de mejor velocista en nuestro pa\u00eds al consagrarse tambi\u00e9n en los 200 metros llanos del Nacional U18 que se realiza en Misiones. El representante del Club Ciclista de Rafaela gan\u00f3 la prueba con 22s 12, una final re\u00f1ida con 10 cent\u00e9simas de ventaja sobre Mat\u00edas Castro y Luis Rodriguez.<\/p>\n<p>Recordemos que el s\u00e1bado se hab\u00eda impuesto en los 100 metros.<\/p>\n<table id=\"dataTables-example\" class=\"table table-striped table-bordered table-hover\">\n<thead>\n<tr>\n<th>Puesto<\/th>\n<th>N\u00b0<\/th>\n<th>Andanivel<\/th>\n<th>Nombre<\/th>\n<th>Dia<\/th>\n<th>Mes<\/th>\n<th>A\u00f1o<\/th>\n<th>Pais<\/th>\n<th>Marca<\/th>\n<\/tr>\n<\/thead>\n<tbody>\n<tr class=\"odd gradeX\">\n<td>01<\/td>\n<td>1<\/td>\n<td>4<\/td>\n<td class=\"initialism\">MONDINO TOM\u00c1S<\/td>\n<td class=\"center\">27<\/td>\n<td class=\"center\">05<\/td>\n<td class=\"center\">2005<\/td>\n<td class=\"center\">SF<\/td>\n<td class=\"center\"><strong>22.12<\/strong><\/td>\n<\/tr>\n<tr class=\"odd gradeX\">\n<td>02<\/td>\n<td>4<\/td>\n<td>3<\/td>\n<td class=\"initialism\">CASTRO CERIANI MATIAS AGUSTIN<\/td>\n<td class=\"center\">15<\/td>\n<td class=\"center\">4<\/td>\n<td class=\"center\">2005<\/td>\n<td class=\"center\">LRI<\/td>\n<td class=\"center\"><strong>22.22<\/strong><\/td>\n<\/tr>\n<tr class=\"odd gradeX\">\n<td>03<\/td>\n<td>19<\/td>\n<td>2<\/td>\n<td class=\"initialism\">BATISTA RODRIGUEZ LUIS S<\/td>\n<td class=\"center\">18<\/td>\n<td class=\"center\">8<\/td>\n<td class=\"center\">2004<\/td>\n<td class=\"center\">MNS<\/td>\n<td class=\"center\"><strong>22.29<\/strong><\/td>\n<\/tr>\n<tr class=\"odd gradeX\">\n<td>04<\/td>\n<td>6<\/td>\n<td>1<\/td>\n<td class=\"initialism\">PEREIRA EDUARDO ENRIQUE<\/td>\n<td class=\"center\">3<\/td>\n<td class=\"center\">1<\/td>\n<td class=\"center\">2004<\/td>\n<td class=\"center\">BA<\/td>\n<td class=\"center\"><strong>22.78<\/strong><\/td>\n<\/tr>\n<tr class=\"odd gradeX\">\n<td>05<\/td>\n<td>8<\/td>\n<td>5<\/td>\n<td class=\"initialism\">VILLEGAS LUCAS ADRIAN<\/td>\n<td class=\"center\">30<\/td>\n<td class=\"center\">4<\/td>\n<td class=\"center\">2004<\/td>\n<td class=\"center\">SL<\/td>\n<td class=\"center\"><strong>22.79<\/strong><\/td>\n<\/tr>\n<tr class=\"odd gradeX\">\n<td>06<\/td>\n<td>13<\/td>\n<td>6<\/td>\n<td class=\"initialism\">WILHJELN ULISES<\/td>\n<td class=\"center\">4<\/td>\n<td class=\"center\">2<\/td>\n<td class=\"center\">2004<\/td>\n<td class=\"center\">SF<\/td>\n<td class=\"center\"><strong>23.03<\/strong><\/td>\n<\/tr>\n<\/tbody>\n<\/table>\n","protected":false},"excerpt":{"rendered":"<p>Este domingo Tom\u00e1s Mondino ratific\u00f3 su condici\u00f3n de mejor velocista en nuestro pa\u00eds al consagrarse tambi\u00e9n en los 200 metros<\/p>\n","protected":false},"author":2,"featured_media":26821,"comment_status":"open","ping_status":"open","sticky":false,"template":"","format":"standard","meta":{"footnotes":""},"categories":[7,24],"tags":[],"class_list":["post-26820","post","type-post","status-publish","format-standard","has-post-thumbnail","hentry","category-atletismo","category-noticias-destacadas"],"cc_featured_image_caption":{"caption_text":"Tomy Mondino con las dos medallas de oro logradas en Posadas.","source_text":"","source_url":""},"_links":{"self":[{"href":"https:\/\/todoapulmon-rafaela.com\/index.php\/wp-json\/wp\/v2\/posts\/26820"}],"collection":[{"href":"https:\/\/todoapulmon-rafaela.com\/index.php\/wp-json\/wp\/v2\/posts"}],"about":[{"href":"https:\/\/todoapulmon-rafaela.com\/index.php\/wp-json\/wp\/v2\/types\/post"}],"author":[{"embeddable":true,"href":"https:\/\/todoapulmon-rafaela.com\/index.php\/wp-json\/wp\/v2\/users\/2"}],"replies":[{"embeddable":true,"href":"https:\/\/todoapulmon-rafaela.com\/index.php\/wp-json\/wp\/v2\/comments?post=26820"}],"version-history":[{"count":1,"href":"https:\/\/todoapulmon-rafaela.com\/index.php\/wp-json\/wp\/v2\/posts\/26820\/revisions"}],"predecessor-version":[{"id":26822,"href":"https:\/\/todoapulmon-rafaela.com\/index.php\/wp-json\/wp\/v2\/posts\/26820\/revisions\/26822"}],"wp:featuredmedia":[{"embeddable":true,"href":"https:\/\/todoapulmon-rafaela.com\/index.php\/wp-json\/wp\/v2\/media\/26821"}],"wp:attachment":[{"href":"https:\/\/todoapulmon-rafaela.com\/index.php\/wp-json\/wp\/v2\/media?parent=26820"}],"wp:term":[{"taxonomy":"category","embeddable":true,"href":"https:\/\/todoapulmon-rafaela.com\/index.php\/wp-json\/wp\/v2\/categories?post=26820"},{"taxonomy":"post_tag","embeddable":true,"href":"https:\/\/todoapulmon-rafaela.com\/index.php\/wp-json\/wp\/v2\/tags?post=26820"}],"curies":[{"name":"wp","href":"https:\/\/api.w.org\/{rel}","templated":true}]}}