{"id":2682,"date":"2016-09-21T12:37:05","date_gmt":"2016-09-21T12:37:05","guid":{"rendered":"http:\/\/todoapulmon-rafaela.com\/?p=2682"},"modified":"2016-09-21T12:37:05","modified_gmt":"2016-09-21T12:37:05","slug":"cumple-25-anos-el-velodromo-hector-cassina","status":"publish","type":"post","link":"https:\/\/todoapulmon-rafaela.com\/index.php\/2016\/09\/21\/cumple-25-anos-el-velodromo-hector-cassina\/","title":{"rendered":"Cumple 25 a\u00f1os el vel\u00f3dromo \u00abH\u00e9ctor Cassina\u00bb"},"content":{"rendered":"<p>El 21 de septiembre de 1991 se inauguraba el vel\u00f3dromo \u00abH\u00e9ctor Cassina\u00bb del Club Ciclista de Rafaela, una de las obras m\u00e1s trascendentes para el deporte de la ciudad en las \u00faltimas d\u00e9cadas. El certamen que marc\u00f3 su puesta en escena fue el \u00abMar y Sierras\u00bb, que por aquellos tiempos era uno de los m\u00e1s importantes del calendario nacional.<\/p>\n<p>La Comisi\u00f3n Directiva que encabezaba en ese momento Nerio Della Torre realiz\u00f3 un gran esfuerzo para conseguir los fondos necesarios para hacer frente a una obra de gran magnitud. Siempre se recuerda la an\u00e9cdota de un aporte que fue fundamental, contada por su hijo Adri\u00e1n hace unos a\u00f1os: \u00ab\u00bbNos faltaban 250 bolsas de cemento, de una campa\u00f1a de 1.000 que impuls\u00f3 Leonelo Bellezze. No ten\u00edamos m\u00e1s a quien &#8216;tocar&#8217;, cuando mi padre y Norberto (Capella) fueron a visitarlo. Al principio no quer\u00eda colaborar por algunas experiencias malas que hab\u00eda tenido, pero despu\u00e9s de un viaje que hizo comprometi\u00f3 su desinteresado aporte que fue fundamental para que en menos de un a\u00f1o se pudiera realizar la obra\u00bb.<\/p>\n<p>Rafaela ya ten\u00eda un rico historial en el ciclismo rutero y desde ese momento empez\u00f3 a darle forma tambi\u00e9n con el vel\u00f3dromo a la formaci\u00f3n de pisteros, con muchos logros en el plano nacional e internacional.<\/p>\n","protected":false},"excerpt":{"rendered":"<p>El 21 de septiembre de 1991 se inauguraba el vel\u00f3dromo \u00abH\u00e9ctor Cassina\u00bb del Club Ciclista de Rafaela, una de las<\/p>\n","protected":false},"author":2,"featured_media":2684,"comment_status":"open","ping_status":"open","sticky":false,"template":"","format":"standard","meta":{"footnotes":""},"categories":[4,24],"tags":[],"class_list":["post-2682","post","type-post","status-publish","format-standard","has-post-thumbnail","hentry","category-ciclismo","category-noticias-destacadas"],"cc_featured_image_caption":{"caption_text":"El vel\u00f3dromo rafaelino, escenario de grandes alegr\u00edas para el deporte de la ciudad.","source_text":"","source_url":""},"_links":{"self":[{"href":"https:\/\/todoapulmon-rafaela.com\/index.php\/wp-json\/wp\/v2\/posts\/2682"}],"collection":[{"href":"https:\/\/todoapulmon-rafaela.com\/index.php\/wp-json\/wp\/v2\/posts"}],"about":[{"href":"https:\/\/todoapulmon-rafaela.com\/index.php\/wp-json\/wp\/v2\/types\/post"}],"author":[{"embeddable":true,"href":"https:\/\/todoapulmon-rafaela.com\/index.php\/wp-json\/wp\/v2\/users\/2"}],"replies":[{"embeddable":true,"href":"https:\/\/todoapulmon-rafaela.com\/index.php\/wp-json\/wp\/v2\/comments?post=2682"}],"version-history":[{"count":1,"href":"https:\/\/todoapulmon-rafaela.com\/index.php\/wp-json\/wp\/v2\/posts\/2682\/revisions"}],"predecessor-version":[{"id":2685,"href":"https:\/\/todoapulmon-rafaela.com\/index.php\/wp-json\/wp\/v2\/posts\/2682\/revisions\/2685"}],"wp:featuredmedia":[{"embeddable":true,"href":"https:\/\/todoapulmon-rafaela.com\/index.php\/wp-json\/wp\/v2\/media\/2684"}],"wp:attachment":[{"href":"https:\/\/todoapulmon-rafaela.com\/index.php\/wp-json\/wp\/v2\/media?parent=2682"}],"wp:term":[{"taxonomy":"category","embeddable":true,"href":"https:\/\/todoapulmon-rafaela.com\/index.php\/wp-json\/wp\/v2\/categories?post=2682"},{"taxonomy":"post_tag","embeddable":true,"href":"https:\/\/todoapulmon-rafaela.com\/index.php\/wp-json\/wp\/v2\/tags?post=2682"}],"curies":[{"name":"wp","href":"https:\/\/api.w.org\/{rel}","templated":true}]}}