{"id":26805,"date":"2021-09-05T13:11:58","date_gmt":"2021-09-05T13:11:58","guid":{"rendered":"https:\/\/todoapulmon-rafaela.com\/?p=26805"},"modified":"2021-09-05T13:11:58","modified_gmt":"2021-09-05T13:11:58","slug":"no-pudo-clasificar-pero-quedaron-buenas-sensaciones","status":"publish","type":"post","link":"https:\/\/todoapulmon-rafaela.com\/index.php\/2021\/09\/05\/no-pudo-clasificar-pero-quedaron-buenas-sensaciones\/","title":{"rendered":"No pudo clasificar, pero quedaron buenas sensaciones"},"content":{"rendered":"<div>\n<div>El Club A. Almagro fue sede de la zona 2 de la Copa Provincial de voley, categor\u00eda Sub 18, que se estuvo diputando este s\u00e1bado en diferentes canchas de la regi\u00f3n.<\/div>\n<\/div>\n<div>\n<div>El representativo de calle Garibaldi tuvo una meritoria actuaci\u00f3n frente a los equipos de la Asociaci\u00f3n Santafesina que, con una competencia interna m\u00e1s fuerte y numerosa, tienen por l\u00f3gica consecuencia mayores posibilidades en esta edad donde las jugadoras ya tienen una formaci\u00f3n importante.<\/div>\n<div>No obstante, para Almagro qued\u00f3 una gran satisfacci\u00f3n, ya que si bien los resultados no se dieron, la performance fue muy buena y alentadora de cara al futuro, donde en la medida que se puedan reiterar estos roces deportivos redundar\u00e1 en un beneficio para ir subiendo cada vez m\u00e1s el nivel.<\/div>\n<div>Partidos de sets ganados y perdidos, pero una entrega absoluta, llevando la camiseta de Almagro con mucha garra.<\/div>\n<div><img loading=\"lazy\" decoding=\"async\" class=\"alignnone size-medium wp-image-26807\" src=\"https:\/\/todoapulmon-rafaela.com\/wp-content\/uploads\/2021\/09\/WhatsApp-Image-2021-09-04-at-19.17.24-300x225.jpeg\" alt=\"\" width=\"300\" height=\"225\" srcset=\"https:\/\/todoapulmon-rafaela.com\/wp-content\/uploads\/2021\/09\/WhatsApp-Image-2021-09-04-at-19.17.24-300x225.jpeg 300w, https:\/\/todoapulmon-rafaela.com\/wp-content\/uploads\/2021\/09\/WhatsApp-Image-2021-09-04-at-19.17.24.jpeg 1280w\" sizes=\"(max-width: 300px) 100vw, 300px\" \/> <img loading=\"lazy\" decoding=\"async\" class=\"alignnone size-medium wp-image-26808\" src=\"https:\/\/todoapulmon-rafaela.com\/wp-content\/uploads\/2021\/09\/WhatsApp-Image-2021-09-04-at-19.17.24-1-300x225.jpeg\" alt=\"\" width=\"300\" height=\"225\" srcset=\"https:\/\/todoapulmon-rafaela.com\/wp-content\/uploads\/2021\/09\/WhatsApp-Image-2021-09-04-at-19.17.24-1-300x225.jpeg 300w, https:\/\/todoapulmon-rafaela.com\/wp-content\/uploads\/2021\/09\/WhatsApp-Image-2021-09-04-at-19.17.24-1.jpeg 1280w\" sizes=\"(max-width: 300px) 100vw, 300px\" \/> <img loading=\"lazy\" decoding=\"async\" class=\"alignnone size-medium wp-image-26809\" src=\"https:\/\/todoapulmon-rafaela.com\/wp-content\/uploads\/2021\/09\/WhatsApp-Image-2021-09-04-at-19.17.23-300x225.jpeg\" alt=\"\" width=\"300\" height=\"225\" srcset=\"https:\/\/todoapulmon-rafaela.com\/wp-content\/uploads\/2021\/09\/WhatsApp-Image-2021-09-04-at-19.17.23-300x225.jpeg 300w, https:\/\/todoapulmon-rafaela.com\/wp-content\/uploads\/2021\/09\/WhatsApp-Image-2021-09-04-at-19.17.23.jpeg 1280w\" sizes=\"(max-width: 300px) 100vw, 300px\" \/> <img loading=\"lazy\" decoding=\"async\" class=\"alignnone size-medium wp-image-26810\" src=\"https:\/\/todoapulmon-rafaela.com\/wp-content\/uploads\/2021\/09\/WhatsApp-Image-2021-09-04-at-19.17.23-1-300x225.jpeg\" alt=\"\" width=\"300\" height=\"225\" srcset=\"https:\/\/todoapulmon-rafaela.com\/wp-content\/uploads\/2021\/09\/WhatsApp-Image-2021-09-04-at-19.17.23-1-300x225.jpeg 300w, https:\/\/todoapulmon-rafaela.com\/wp-content\/uploads\/2021\/09\/WhatsApp-Image-2021-09-04-at-19.17.23-1.jpeg 1280w\" sizes=\"(max-width: 300px) 100vw, 300px\" \/><\/div>\n<div>Fotos Equipos gentileza Voley Almagro<\/div>\n<div><\/div>\n<\/div>\n<div>\n<div>Las posiciones fueron:<\/div>\n<\/div>\n<div>\n<div>1\u00b0 Polideportivo Recreo<\/div>\n<\/div>\n<div>\n<div>2\u00b0 Regatas<\/div>\n<\/div>\n<div>\n<div>3\u00b0 Gimnasia y Esgrima<\/div>\n<\/div>\n<div>\n<div>4\u00b0 Almagro.<\/div>\n<div>Los dos primeros avanzaron a la pr\u00f3xima instancia.<\/div>\n<div>El voley de Almagro expres\u00f3 su agradecimiento a todos los sponsors y padres que estuvieron colaborando para que este torneo se concrete a la perfecci\u00f3n.<\/div>\n<\/div>\n","protected":false},"excerpt":{"rendered":"<p>El Club A. Almagro fue sede de la zona 2 de la Copa Provincial de voley, categor\u00eda Sub 18, que<\/p>\n","protected":false},"author":2,"featured_media":26806,"comment_status":"open","ping_status":"open","sticky":false,"template":"","format":"standard","meta":{"footnotes":""},"categories":[24,16],"tags":[],"class_list":["post-26805","post","type-post","status-publish","format-standard","has-post-thumbnail","hentry","category-noticias-destacadas","category-voley"],"cc_featured_image_caption":{"caption_text":"El equipo de Almagro Sub 18, anfitri\u00f3n del nuevo torneo.","source_text":"","source_url":""},"_links":{"self":[{"href":"https:\/\/todoapulmon-rafaela.com\/index.php\/wp-json\/wp\/v2\/posts\/26805"}],"collection":[{"href":"https:\/\/todoapulmon-rafaela.com\/index.php\/wp-json\/wp\/v2\/posts"}],"about":[{"href":"https:\/\/todoapulmon-rafaela.com\/index.php\/wp-json\/wp\/v2\/types\/post"}],"author":[{"embeddable":true,"href":"https:\/\/todoapulmon-rafaela.com\/index.php\/wp-json\/wp\/v2\/users\/2"}],"replies":[{"embeddable":true,"href":"https:\/\/todoapulmon-rafaela.com\/index.php\/wp-json\/wp\/v2\/comments?post=26805"}],"version-history":[{"count":1,"href":"https:\/\/todoapulmon-rafaela.com\/index.php\/wp-json\/wp\/v2\/posts\/26805\/revisions"}],"predecessor-version":[{"id":26811,"href":"https:\/\/todoapulmon-rafaela.com\/index.php\/wp-json\/wp\/v2\/posts\/26805\/revisions\/26811"}],"wp:featuredmedia":[{"embeddable":true,"href":"https:\/\/todoapulmon-rafaela.com\/index.php\/wp-json\/wp\/v2\/media\/26806"}],"wp:attachment":[{"href":"https:\/\/todoapulmon-rafaela.com\/index.php\/wp-json\/wp\/v2\/media?parent=26805"}],"wp:term":[{"taxonomy":"category","embeddable":true,"href":"https:\/\/todoapulmon-rafaela.com\/index.php\/wp-json\/wp\/v2\/categories?post=26805"},{"taxonomy":"post_tag","embeddable":true,"href":"https:\/\/todoapulmon-rafaela.com\/index.php\/wp-json\/wp\/v2\/tags?post=26805"}],"curies":[{"name":"wp","href":"https:\/\/api.w.org\/{rel}","templated":true}]}}