{"id":26780,"date":"2021-09-03T20:33:08","date_gmt":"2021-09-03T20:33:08","guid":{"rendered":"https:\/\/todoapulmon-rafaela.com\/?p=26780"},"modified":"2021-09-03T20:33:08","modified_gmt":"2021-09-03T20:33:08","slug":"comienza-el-nacional-u18-con-varias-presencias-rafaelinas","status":"publish","type":"post","link":"https:\/\/todoapulmon-rafaela.com\/index.php\/2021\/09\/03\/comienza-el-nacional-u18-con-varias-presencias-rafaelinas\/","title":{"rendered":"Comienza el Nacional U18 con varias presencias rafaelinas"},"content":{"rendered":"<p>Sue\u00f1os de medallas, r\u00e9cords y mucho m\u00e1s tendr\u00e1n este fin de semana los atletas argentinos de la categor\u00eda menores que se dar\u00e1n cita en Posadas, Misiones, para disputar el Campeonato Argentino de la categor\u00eda. Entre ellos habr\u00e1 casi una decena de rafaelinos, integrando el nutrido equipo de la provincia de Santa Fe, cuyo uno de los entrenadores ser\u00e1 Leandro Bonamino, de CRAS.<\/p>\n<p>Este s\u00e1bado 4 y domingo 5 de septiembre, la pista \u00abEric Barney\u00bb en Posadas recibir\u00e1 el\u00a0<strong>Nacional u18,\u00a0<\/strong>que ser\u00e1 tambi\u00e9n el test en dicha categor\u00eda con vistas al Sudamericano de fin de mes, en Encarnaci\u00f3n, Paraguay.<\/p>\n<p>Se trata de la 54a. edici\u00f3n del \u00abNacional de menores\u00bb, que tuvo sus inicios a principios de la d\u00e9cada del 60.<\/p>\n<p>Los mejores valores argentinos de la u18 en la actualidad se dan cita ahora en Posadas, encabezados justamente por el velocista del Club Ciclista de Rafaela, Tom\u00e1s Pablo Mondino, quien se consagr\u00f3 este a\u00f1o como campe\u00f3n sudamericano u20 de los 100 y 200 metros llanos, y viene de participar en el Mundial de Nairobi U20.<\/p>\n<p>Otro destacado nombres para el campeonato y en particular del equipo de nuestra provincia, es el de Abril Okon, atleta del CRAS que particip\u00f3 en los Sudamericanos de Mayores y U20 esta temporada, pero es categor\u00eda U18.<\/p>\n<p>Recordemos la participaci\u00f3n de los siguientes atletas de Rafaela en el torneo:<\/p>\n<p>Tom\u00e1s Mondino (Club Ciclista, entrenador C. Mondino): 100, 200 metros llanos y postas.<\/p>\n<p>Abril Okon (CRAS, entrenador L. Bonamino): salto en alto y 100 metros con vallas.<\/p>\n<p>St\u00e9fano Seraf\u00edn (CRAS, entrenador L. Bonamino): salto en largo.<\/p>\n<p>Camila Rodriguez (CRAS, entrenador L. Bonamino): 100 y 200 metros llanos, y postas.<\/p>\n<p>Augusto Virgolini (CRAS, entrenador L. Bonamino): salto en alto.<\/p>\n<p>Mateo M\u00e9ndez (CRAS, entrenador L. Bonamino): lanzamiento de martillo.<\/p>\n<p>Angelina Zanatta (CRAS, entrenador L. Bonamino): 5.000 metros marcha.<\/p>\n<p>Florencia Tellini (CRAS, entrenador A. Magallanes): H\u00e9ptatlon.<\/p>\n<p>Benjam\u00edn Castillo (Atletismo Lehmann, entrenador L. Castillo): 1.500 metros llanos y 2.000 metros con obst\u00e1culos.<\/p>\n","protected":false},"excerpt":{"rendered":"<p>Sue\u00f1os de medallas, r\u00e9cords y mucho m\u00e1s tendr\u00e1n este fin de semana los atletas argentinos de la categor\u00eda menores que<\/p>\n","protected":false},"author":2,"featured_media":26782,"comment_status":"open","ping_status":"open","sticky":false,"template":"","format":"standard","meta":{"footnotes":""},"categories":[7,24],"tags":[],"class_list":["post-26780","post","type-post","status-publish","format-standard","has-post-thumbnail","hentry","category-atletismo","category-noticias-destacadas"],"cc_featured_image_caption":{"caption_text":"Abril Okon y Tom\u00e1s Mondino, importantes presencias en el campeonato y en el equipo santafesino.","source_text":"","source_url":""},"_links":{"self":[{"href":"https:\/\/todoapulmon-rafaela.com\/index.php\/wp-json\/wp\/v2\/posts\/26780"}],"collection":[{"href":"https:\/\/todoapulmon-rafaela.com\/index.php\/wp-json\/wp\/v2\/posts"}],"about":[{"href":"https:\/\/todoapulmon-rafaela.com\/index.php\/wp-json\/wp\/v2\/types\/post"}],"author":[{"embeddable":true,"href":"https:\/\/todoapulmon-rafaela.com\/index.php\/wp-json\/wp\/v2\/users\/2"}],"replies":[{"embeddable":true,"href":"https:\/\/todoapulmon-rafaela.com\/index.php\/wp-json\/wp\/v2\/comments?post=26780"}],"version-history":[{"count":1,"href":"https:\/\/todoapulmon-rafaela.com\/index.php\/wp-json\/wp\/v2\/posts\/26780\/revisions"}],"predecessor-version":[{"id":26781,"href":"https:\/\/todoapulmon-rafaela.com\/index.php\/wp-json\/wp\/v2\/posts\/26780\/revisions\/26781"}],"wp:featuredmedia":[{"embeddable":true,"href":"https:\/\/todoapulmon-rafaela.com\/index.php\/wp-json\/wp\/v2\/media\/26782"}],"wp:attachment":[{"href":"https:\/\/todoapulmon-rafaela.com\/index.php\/wp-json\/wp\/v2\/media?parent=26780"}],"wp:term":[{"taxonomy":"category","embeddable":true,"href":"https:\/\/todoapulmon-rafaela.com\/index.php\/wp-json\/wp\/v2\/categories?post=26780"},{"taxonomy":"post_tag","embeddable":true,"href":"https:\/\/todoapulmon-rafaela.com\/index.php\/wp-json\/wp\/v2\/tags?post=26780"}],"curies":[{"name":"wp","href":"https:\/\/api.w.org\/{rel}","templated":true}]}}