{"id":2670,"date":"2016-09-20T23:45:32","date_gmt":"2016-09-20T23:45:32","guid":{"rendered":"http:\/\/todoapulmon-rafaela.com\/?p=2670"},"modified":"2016-09-20T23:45:32","modified_gmt":"2016-09-20T23:45:32","slug":"en-el-sub-15-gano-union-y-fue-tercero-atletico","status":"publish","type":"post","link":"https:\/\/todoapulmon-rafaela.com\/index.php\/2016\/09\/20\/en-el-sub-15-gano-union-y-fue-tercero-atletico\/","title":{"rendered":"En el Sub 15 gan\u00f3 Uni\u00f3n y fue tercero Atl\u00e9tico"},"content":{"rendered":"<div>\n<p><span lang=\"ES-AR\">En la jornada del d\u00eda s\u00e1bado 17<\/span><span lang=\"ES-AR\">\u00a0de\u00a0<\/span><span lang=\"ES-AR\">septiembre se desarroll\u00f3 un nuevo Grand Prix de la ronda Clausura en la categor\u00eda Sub 15 de la Asociaci\u00f3n Rafaelina de Voley. El escenario fue Uni\u00f3n de Sunchales.<\/span><\/p>\n<p><span lang=\"ES-AR\">Atl\u00e9<\/span><span lang=\"ES-AR\">tico de Rafaela tuvo la presentaci\u00f3n de 2 equipos. Se desarrollaron tres zonas en la etapa clasificatoria para luego definir posiciones con triangulares.<\/span><\/p>\n<p>El t\u00edtulo qued\u00f3 para Uni\u00f3n de Sunchales A, segundo fue Uni\u00f3n de San Guillermo A y tercero Atl\u00e9tico de Rafaela A. El equipo Celeste A estuvo integrado por\u00a0<span lang=\"ES-AR\">Julieta Rivero, Julieta\u00a0Hoffmann, Lola\u00a0Lopez,<\/span><span lang=\"ES-AR\">\u00a0Camila\u00a0Picotto, Val<\/span><span lang=\"ES-AR\">entina\u00a0Scaraf\u00eda, Marisol\u00a0Ruata, Violeta\u00a0Ambrogi, Candela\u00a0Girardi\u00a0<\/span><span lang=\"ES-AR\">y Violeta\u00a0Actis<\/span><span lang=\"ES-AR\">\u00a0<\/span><span lang=\"ES-AR\">bajo la direcci\u00f3n t\u00e9<\/span><span lang=\"ES-AR\">cnica de la Prof.\u00a0<\/span><span lang=\"ES-AR\">Marina\u00a0Francesconi<\/span><span lang=\"ES-AR\">.<\/span><\/p>\n<p>El equipo B de la Crema fue s\u00e9ptimo y estuvo\u00a0<span lang=\"ES-AR\">integ<\/span><span lang=\"ES-AR\">r<\/span><span lang=\"ES-AR\">ado por Sof\u00eda Peralta,\u00a0<\/span><span lang=\"ES-AR\">Celeste\u00a0Rodrigues\u00a0Copque, Catalina\u00a0Oggero,\u00a0<\/span><span lang=\"ES-AR\">Macarena Schneider, Julieta\u00a0Ursprung, Delfina\u00a0Picco<\/span><span lang=\"ES-AR\">, Azul\u00a0Furno\u00a0y Jimena\u00a0Basualdo<\/span><span lang=\"ES-AR\">\u00a0dirigido t\u00e9cnicamente por la Prof.\u00a0<\/span><span lang=\"ES-AR\">Patricia\u00a0Sarponti,<\/span><\/p>\n<p>&nbsp;<\/p>\n<\/div>\n<div><\/div>\n","protected":false},"excerpt":{"rendered":"<p>En la jornada del d\u00eda s\u00e1bado 17\u00a0de\u00a0septiembre se desarroll\u00f3 un nuevo Grand Prix de la ronda Clausura en la categor\u00eda<\/p>\n","protected":false},"author":2,"featured_media":2671,"comment_status":"open","ping_status":"open","sticky":false,"template":"","format":"standard","meta":{"footnotes":""},"categories":[16],"tags":[],"class_list":["post-2670","post","type-post","status-publish","format-standard","has-post-thumbnail","hentry","category-voley"],"cc_featured_image_caption":{"caption_text":"El equipo A de Atl\u00e9tico que fue tercero (foto prensa voley Atl\u00e9tico).","source_text":"","source_url":""},"_links":{"self":[{"href":"https:\/\/todoapulmon-rafaela.com\/index.php\/wp-json\/wp\/v2\/posts\/2670"}],"collection":[{"href":"https:\/\/todoapulmon-rafaela.com\/index.php\/wp-json\/wp\/v2\/posts"}],"about":[{"href":"https:\/\/todoapulmon-rafaela.com\/index.php\/wp-json\/wp\/v2\/types\/post"}],"author":[{"embeddable":true,"href":"https:\/\/todoapulmon-rafaela.com\/index.php\/wp-json\/wp\/v2\/users\/2"}],"replies":[{"embeddable":true,"href":"https:\/\/todoapulmon-rafaela.com\/index.php\/wp-json\/wp\/v2\/comments?post=2670"}],"version-history":[{"count":1,"href":"https:\/\/todoapulmon-rafaela.com\/index.php\/wp-json\/wp\/v2\/posts\/2670\/revisions"}],"predecessor-version":[{"id":2672,"href":"https:\/\/todoapulmon-rafaela.com\/index.php\/wp-json\/wp\/v2\/posts\/2670\/revisions\/2672"}],"wp:featuredmedia":[{"embeddable":true,"href":"https:\/\/todoapulmon-rafaela.com\/index.php\/wp-json\/wp\/v2\/media\/2671"}],"wp:attachment":[{"href":"https:\/\/todoapulmon-rafaela.com\/index.php\/wp-json\/wp\/v2\/media?parent=2670"}],"wp:term":[{"taxonomy":"category","embeddable":true,"href":"https:\/\/todoapulmon-rafaela.com\/index.php\/wp-json\/wp\/v2\/categories?post=2670"},{"taxonomy":"post_tag","embeddable":true,"href":"https:\/\/todoapulmon-rafaela.com\/index.php\/wp-json\/wp\/v2\/tags?post=2670"}],"curies":[{"name":"wp","href":"https:\/\/api.w.org\/{rel}","templated":true}]}}