{"id":26669,"date":"2021-08-25T12:39:45","date_gmt":"2021-08-25T12:39:45","guid":{"rendered":"https:\/\/todoapulmon-rafaela.com\/?p=26669"},"modified":"2021-08-25T12:39:45","modified_gmt":"2021-08-25T12:39:45","slug":"sergio-parisi-esta-listo-para-la-utmb-en-europa","status":"publish","type":"post","link":"https:\/\/todoapulmon-rafaela.com\/index.php\/2021\/08\/25\/sergio-parisi-esta-listo-para-la-utmb-en-europa\/","title":{"rendered":"Sergio Parisi est\u00e1 listo para la UTMB en Europa"},"content":{"rendered":"<p>El viernes 27 a las 5 AM el rafaelino Sergio Parisi empezar\u00e1 un nuevo desaf\u00edo en su aspiraci\u00f3n de ser protagonista de las competencias m\u00e1s importantes del trail internacional. En ese momento iniciar\u00e1 la UTMB &#8211; Mont Blanc en Chamonix (Francia), en la distancia sobre 100 kil\u00f3metros, una prueba muy dura con una altimetr\u00eda de 6.000 metros y que convoc\u00f3 a 1.500 corredores de distintos pa\u00edses en el actual contexto mundial.<\/p>\n<p>Se trata de una competencia que involucra a gran cantidad de personas, ya que se inscriben 2.000 voluntarios provenientes de 15 pa\u00edses diferentes, 18 municipios franceses, italianos o suizos del Pa\u00eds del Mont-Blanc trabajan para el \u00e9xito del evento y apoyan a los corredores del UTMB. Asimismo, 20.000 aficionados que vienen a animar a los suyos y m\u00e1s de 50.000 espectadores visitan el sal\u00f3n y participan en las animaciones en todas las poblaciones del Pa\u00eds del Mont-Blanc.<\/p>\n<p>Tal como es habitual en esta modalidad de competencia, las condiciones clim\u00e1ticas pueden ser muy dif\u00edciles (por la noche, viento, fr\u00edo, lluvia o nieve), y que requiere un perfecto entrenamiento, as\u00ed como un material adaptado y una verdadera capacidad de autonom\u00eda personal.<\/p>\n","protected":false},"excerpt":{"rendered":"<p>El viernes 27 a las 5 AM el rafaelino Sergio Parisi empezar\u00e1 un nuevo desaf\u00edo en su aspiraci\u00f3n de ser<\/p>\n","protected":false},"author":2,"featured_media":26670,"comment_status":"open","ping_status":"open","sticky":false,"template":"","format":"standard","meta":{"footnotes":""},"categories":[7,24],"tags":[],"class_list":["post-26669","post","type-post","status-publish","format-standard","has-post-thumbnail","hentry","category-atletismo","category-noticias-destacadas"],"cc_featured_image_caption":{"caption_text":"Sergio Parisi, en la previa de la competencia en Europa.","source_text":"","source_url":""},"_links":{"self":[{"href":"https:\/\/todoapulmon-rafaela.com\/index.php\/wp-json\/wp\/v2\/posts\/26669"}],"collection":[{"href":"https:\/\/todoapulmon-rafaela.com\/index.php\/wp-json\/wp\/v2\/posts"}],"about":[{"href":"https:\/\/todoapulmon-rafaela.com\/index.php\/wp-json\/wp\/v2\/types\/post"}],"author":[{"embeddable":true,"href":"https:\/\/todoapulmon-rafaela.com\/index.php\/wp-json\/wp\/v2\/users\/2"}],"replies":[{"embeddable":true,"href":"https:\/\/todoapulmon-rafaela.com\/index.php\/wp-json\/wp\/v2\/comments?post=26669"}],"version-history":[{"count":1,"href":"https:\/\/todoapulmon-rafaela.com\/index.php\/wp-json\/wp\/v2\/posts\/26669\/revisions"}],"predecessor-version":[{"id":26671,"href":"https:\/\/todoapulmon-rafaela.com\/index.php\/wp-json\/wp\/v2\/posts\/26669\/revisions\/26671"}],"wp:featuredmedia":[{"embeddable":true,"href":"https:\/\/todoapulmon-rafaela.com\/index.php\/wp-json\/wp\/v2\/media\/26670"}],"wp:attachment":[{"href":"https:\/\/todoapulmon-rafaela.com\/index.php\/wp-json\/wp\/v2\/media?parent=26669"}],"wp:term":[{"taxonomy":"category","embeddable":true,"href":"https:\/\/todoapulmon-rafaela.com\/index.php\/wp-json\/wp\/v2\/categories?post=26669"},{"taxonomy":"post_tag","embeddable":true,"href":"https:\/\/todoapulmon-rafaela.com\/index.php\/wp-json\/wp\/v2\/tags?post=26669"}],"curies":[{"name":"wp","href":"https:\/\/api.w.org\/{rel}","templated":true}]}}