{"id":26638,"date":"2021-08-24T12:01:23","date_gmt":"2021-08-24T12:01:23","guid":{"rendered":"https:\/\/todoapulmon-rafaela.com\/?p=26638"},"modified":"2021-08-26T22:00:44","modified_gmt":"2021-08-26T22:00:44","slug":"varios-rafaelinos-destacados-en-morteros","status":"publish","type":"post","link":"https:\/\/todoapulmon-rafaela.com\/index.php\/2021\/08\/24\/varios-rafaelinos-destacados-en-morteros\/","title":{"rendered":"Varios rafaelinos destacados en Morteros"},"content":{"rendered":"<p>Este domingo se llev\u00f3 a cabo el 3\u00ba Desaf\u00edo Morteros Ansenuza con una gran concurrencia de ciclistas que marcaron el r\u00e9cord de 321 participantes. El ganador de la general caballeros fue el mejor ciclista de nuestro pa\u00eds, el entrerriano Catriel Soto, y la ganadora de la general damas fue la campeona del mundo, oriunda de Colonia Caroya, Carolina Maldonado.<\/p>\n<p>Fue una jornada que amaneci\u00f3 con un d\u00eda espectacular y con el correr de las horas el viento sur se hizo sentir y fue un condimento este RallyCross con todos los condimentos y para todos los gustos, tiene un circuito de XCO (mtb), caminos rurales en su mayor\u00eda, un circuito de enduro que es utilizado habitualmente por motos y senderos en la zona de la Laguna Mar Chiquita o Mar de Ansenuza, son 60 km de pura adrenalina.<br \/>\nEn las categor\u00edas Promocionales Damas y Caballeros son 40 km por caminos rurales y el sendero en la zona de la costa de la Laguna.<br \/>\nHubo participantes de varias provincias, C\u00f3rdoba, Santa Fe, Entre R\u00edos, Catamarca y San Luis.<br \/>\nDe nuestra ciudad tomaron parte varios corredores con meritorias performances. En la clasificaci\u00f3n general el mejor ubicado fue Daniel Schmidt en el puesto 21, C\u00e9sar Bogunovich qued\u00f3 22, Leandro Macagno 27 y Cristian Pernuzzi 30.<\/p>\n<p><img loading=\"lazy\" decoding=\"async\" class=\"size-medium wp-image-26644\" src=\"https:\/\/todoapulmon-rafaela.com\/wp-content\/uploads\/2021\/08\/Carolina-Antelo-en-Morteros-300x247.jpg\" alt=\"\" width=\"300\" height=\"247\" srcset=\"https:\/\/todoapulmon-rafaela.com\/wp-content\/uploads\/2021\/08\/Carolina-Antelo-en-Morteros-300x247.jpg 300w, https:\/\/todoapulmon-rafaela.com\/wp-content\/uploads\/2021\/08\/Carolina-Antelo-en-Morteros-1536x1263.jpg 1536w, https:\/\/todoapulmon-rafaela.com\/wp-content\/uploads\/2021\/08\/Carolina-Antelo-en-Morteros.jpg 1768w\" sizes=\"(max-width: 300px) 100vw, 300px\" \/><\/p>\n<p>Carolina Antelo<\/p>\n<figure id=\"attachment_26643\" aria-describedby=\"caption-attachment-26643\" style=\"width: 300px\" class=\"wp-caption alignnone\"><img loading=\"lazy\" decoding=\"async\" class=\"size-medium wp-image-26643\" src=\"https:\/\/todoapulmon-rafaela.com\/wp-content\/uploads\/2021\/08\/Daniel-Schmidt-300x199.jpg\" alt=\"Daniel Schmidt\" width=\"300\" height=\"199\" srcset=\"https:\/\/todoapulmon-rafaela.com\/wp-content\/uploads\/2021\/08\/Daniel-Schmidt-300x199.jpg 300w, https:\/\/todoapulmon-rafaela.com\/wp-content\/uploads\/2021\/08\/Daniel-Schmidt-1536x1017.jpg 1536w, https:\/\/todoapulmon-rafaela.com\/wp-content\/uploads\/2021\/08\/Daniel-Schmidt.jpg 1848w\" sizes=\"(max-width: 300px) 100vw, 300px\" \/><figcaption id=\"caption-attachment-26643\" class=\"wp-caption-text\">Daniel Schmidt<\/figcaption><\/figure>\n<p>En cuanto a la general de Damas, Carolina Antelo lleg\u00f3 segunda detr\u00e1s de la laureada Carolina Maldonado, mientras que Luisina Simondi fue tercera. En la categor\u00eda Elite se repitieron las posiciones, sumando adem\u00e1s el cuarto puesto de Melina Rossi.<\/p>\n<p><img loading=\"lazy\" decoding=\"async\" class=\"alignnone size-full wp-image-24443\" src=\"https:\/\/todoapulmon-rafaela.com\/wp-content\/uploads\/2021\/03\/Logo-Leandri.jpg\" alt=\"\" width=\"187\" height=\"184\" \/><\/p>\n<p>En cuanto a ganadores de categor\u00edas, Ra\u00fal Durando lo hizo en D2 donde hubo 6 corredores.<\/p>\n<p>Daniel Schmidt qued\u00f3 segundo en B1 y Mat\u00edas Vilches quinto. Macagno fue cuarto en A1.<\/p>\n<p>En C1 qued\u00f3 cuarto Bogunovich, en tanto que Norberto Willener fue quinto en C2.<\/p>\n<p>Adem\u00e1s, en Juveniles el lehmense Jer\u00f3nimo Castillo qued\u00f3 tercero entre 5 competidores. En B2, Daniel y Luis Castillo llegaron cuarto y quinto respectivamente.<\/p>\n<div dir=\"auto\">Resultados completos del 3\u00ba Desaf\u00edo Morteros Ansenuza en:<\/div>\n<div dir=\"auto\"><a class=\"oajrlxb2 g5ia77u1 qu0x051f esr5mh6w e9989ue4 r7d6kgcz rq0escxv nhd2j8a9 nc684nl6 p7hjln8o kvgmc6g5 cxmmr5t8 oygrvhab hcukyx3x jb3vyjys rz4wbd8a qt6c0cv9 a8nywdso i1ao9s8h esuyzwwr f1sip0of lzcic4wl py34i1dx gpro0wi8\" role=\"link\" href=\"https:\/\/docs.google.com\/spreadsheets\/d\/e\/2PACX-1vTvLm0jklFrB0RCGL9YQMPxjb80JTmWYnQZPQ5JGz4tlfxADw55H27lKC6mJVWFnw\/pubhtml?fbclid=IwAR27bM0FtQayamqLH8cqqJx1GUhZ5Vk9EkusJW8AeRTS1Wl7fyj8FnKthcA\" target=\"_blank\" rel=\"nofollow noopener\">https:\/\/docs.google.com\/&#8230;\/2PACX&#8230;\/pubhtml<\/a><\/div>\n","protected":false},"excerpt":{"rendered":"<p>Este domingo se llev\u00f3 a cabo el 3\u00ba Desaf\u00edo Morteros Ansenuza con una gran concurrencia de ciclistas que marcaron el<\/p>\n","protected":false},"author":2,"featured_media":26642,"comment_status":"open","ping_status":"open","sticky":false,"template":"","format":"standard","meta":{"footnotes":""},"categories":[4,24],"tags":[],"class_list":["post-26638","post","type-post","status-publish","format-standard","has-post-thumbnail","hentry","category-ciclismo","category-noticias-destacadas"],"cc_featured_image_caption":{"caption_text":"Ra\u00fal Durando fue ganador en la categor\u00eda D2. (Foto El Zanj\u00f3n MTB-Desaf\u00edo Morteros Ansenuza).","source_text":"","source_url":""},"_links":{"self":[{"href":"https:\/\/todoapulmon-rafaela.com\/index.php\/wp-json\/wp\/v2\/posts\/26638"}],"collection":[{"href":"https:\/\/todoapulmon-rafaela.com\/index.php\/wp-json\/wp\/v2\/posts"}],"about":[{"href":"https:\/\/todoapulmon-rafaela.com\/index.php\/wp-json\/wp\/v2\/types\/post"}],"author":[{"embeddable":true,"href":"https:\/\/todoapulmon-rafaela.com\/index.php\/wp-json\/wp\/v2\/users\/2"}],"replies":[{"embeddable":true,"href":"https:\/\/todoapulmon-rafaela.com\/index.php\/wp-json\/wp\/v2\/comments?post=26638"}],"version-history":[{"count":6,"href":"https:\/\/todoapulmon-rafaela.com\/index.php\/wp-json\/wp\/v2\/posts\/26638\/revisions"}],"predecessor-version":[{"id":26692,"href":"https:\/\/todoapulmon-rafaela.com\/index.php\/wp-json\/wp\/v2\/posts\/26638\/revisions\/26692"}],"wp:featuredmedia":[{"embeddable":true,"href":"https:\/\/todoapulmon-rafaela.com\/index.php\/wp-json\/wp\/v2\/media\/26642"}],"wp:attachment":[{"href":"https:\/\/todoapulmon-rafaela.com\/index.php\/wp-json\/wp\/v2\/media?parent=26638"}],"wp:term":[{"taxonomy":"category","embeddable":true,"href":"https:\/\/todoapulmon-rafaela.com\/index.php\/wp-json\/wp\/v2\/categories?post=26638"},{"taxonomy":"post_tag","embeddable":true,"href":"https:\/\/todoapulmon-rafaela.com\/index.php\/wp-json\/wp\/v2\/tags?post=26638"}],"curies":[{"name":"wp","href":"https:\/\/api.w.org\/{rel}","templated":true}]}}