{"id":26635,"date":"2021-08-23T22:46:47","date_gmt":"2021-08-23T22:46:47","guid":{"rendered":"https:\/\/todoapulmon-rafaela.com\/?p=26635"},"modified":"2021-08-23T22:46:47","modified_gmt":"2021-08-23T22:46:47","slug":"mariela-delgado-en-los-juegos-paralimpicos-de-tokio","status":"publish","type":"post","link":"https:\/\/todoapulmon-rafaela.com\/index.php\/2021\/08\/23\/mariela-delgado-en-los-juegos-paralimpicos-de-tokio\/","title":{"rendered":"Mariela Delgado en los Juegos Paral\u00edmpicos de Tokio"},"content":{"rendered":"<p>Los Juegos Paral\u00edmpicos de Tokio 2020 dar\u00e1n inicio este martes en la ciudad japonesa con la participaci\u00f3n de 57 deportistas argentinos, y se desarrollar\u00e1n hasta el 5 de septiembre pr\u00f3ximo. La delegaci\u00f3n albiceleste tendr\u00e1 como abanderados en la inauguraci\u00f3n del evento deportivo a la atleta Yanina Mart\u00ednez y el judoca Fabi\u00e1n Ram\u00edrez, ambos de nuestra provincia.<\/p>\n<p>Como dato saliente para nuestra ciudad es que estar\u00e1 compitiendo la misionera Mariela Delgado, ciclista que se form\u00f3 en el Club Ciclista de Rafaela y que a nivel nacional representa a la ACCOS, con sede en nuestra ciudad. Las competencias de ciclismo dar\u00e1n inicio el d\u00eda 25.<br \/>\nEn relaci\u00f3n a los Juegos Ol\u00edmpicos que se llevaron a cabo semanas atr\u00e1s, Boccia y Goalball son las dos \u00fanicas disciplinas del programa paral\u00edmpico que no tuvieron competencia y s\u00ed la tendr\u00e1n a partir de este martes.<br \/>\nTokio albergar\u00e1 los Juegos Paral\u00edmpicos por segunda vez en la historia: ya ocurri\u00f3 en 1964, antes de que ambas modalidades de la cita m\u00e1xima del deporte se comenzaran a celebrar en las mismas ciudades desde 1988.<br \/>\nLos deportistas albicelestes que competir\u00e1n en Tokio:\u00a0<strong>Atletismo:<\/strong>\u00a0Yanina Mart\u00ednez, Hern\u00e1n Barreto, Hern\u00e1n Urra, Brian Impellizzeri, Alexis Ch\u00e1vez, Gabriel Sosa, Pablo Gim\u00e9nez Reynoso, Antonella Ruiz D\u00edaz, Florencia Romero, Romina Fern\u00e1ndez, Mahira Bergallo y Aldana Ib\u00e1\u00f1ez.<br \/>\n<strong>Boccia:<\/strong>\u00a0Stefan\u00eda Ferrando y el equipo BC1\/2 (Ail\u00e9n Flores, Mauricio Ibarbure, Jonatan Aquino y Luis Cristaldo).<br \/>\n<strong>Nataci\u00f3n:<\/strong>\u00a0Daniela Gim\u00e9nez, Fernando Carlomagno, I\u00f1aki Basiloff, Mat\u00edas De Andrade, Diego Nicol\u00e1s Rivero, Lautaro Maidana Cancinos, Lucas Poggi, Analuz Pellitero, Nadia B\u00e1ez y Elizabeth Noriega.<br \/>\n<strong>F\u00fatbol para ciegos:<\/strong>\u00a0Selecci\u00f3n masculina.\u00a0<strong>Judo:<\/strong>\u00a0Eduardo Gauto, Laura Gonz\u00e1lez y Fabi\u00e1n Ram\u00edrez.<br \/>\n<strong>Paracanotaje:<\/strong>\u00a0Lucas D\u00edaz Aspiroz y Ariel Atama\u00f1uk.<br \/>\n<strong>Paraciclismo:<\/strong>\u00a0Rodrigo L\u00f3pez, Mariela Delgado, Maximiliano G\u00f3mez y Sebasti\u00e1n Tolosa.<br \/>\n<strong>Remo:<\/strong>\u00a0Brenda Sard\u00f3n.<br \/>\n<strong>Taekwondo:<\/strong>\u00a0Juan Samorano.\u00a0<strong>Tenis de mesa:<\/strong>\u00a0Gabriel Copola, Mauro Depergola, Constanza Garrone, Ver\u00f3nica Blanco y Fernando Eberhardt.<br \/>\n<strong>Tenis sobre silla de ruedas:<\/strong>\u00a0Gustavo Fern\u00e1ndez, Florencia Moreno, Agust\u00edn Ledesma, Ezequiel Casco.<\/p>\n","protected":false},"excerpt":{"rendered":"<p>Los Juegos Paral\u00edmpicos de Tokio 2020 dar\u00e1n inicio este martes en la ciudad japonesa con la participaci\u00f3n de 57 deportistas<\/p>\n","protected":false},"author":2,"featured_media":26636,"comment_status":"open","ping_status":"open","sticky":false,"template":"","format":"standard","meta":{"footnotes":""},"categories":[4],"tags":[],"class_list":["post-26635","post","type-post","status-publish","format-standard","has-post-thumbnail","hentry","category-ciclismo"],"cc_featured_image_caption":{"caption_text":"","source_text":"","source_url":""},"_links":{"self":[{"href":"https:\/\/todoapulmon-rafaela.com\/index.php\/wp-json\/wp\/v2\/posts\/26635"}],"collection":[{"href":"https:\/\/todoapulmon-rafaela.com\/index.php\/wp-json\/wp\/v2\/posts"}],"about":[{"href":"https:\/\/todoapulmon-rafaela.com\/index.php\/wp-json\/wp\/v2\/types\/post"}],"author":[{"embeddable":true,"href":"https:\/\/todoapulmon-rafaela.com\/index.php\/wp-json\/wp\/v2\/users\/2"}],"replies":[{"embeddable":true,"href":"https:\/\/todoapulmon-rafaela.com\/index.php\/wp-json\/wp\/v2\/comments?post=26635"}],"version-history":[{"count":1,"href":"https:\/\/todoapulmon-rafaela.com\/index.php\/wp-json\/wp\/v2\/posts\/26635\/revisions"}],"predecessor-version":[{"id":26637,"href":"https:\/\/todoapulmon-rafaela.com\/index.php\/wp-json\/wp\/v2\/posts\/26635\/revisions\/26637"}],"wp:featuredmedia":[{"embeddable":true,"href":"https:\/\/todoapulmon-rafaela.com\/index.php\/wp-json\/wp\/v2\/media\/26636"}],"wp:attachment":[{"href":"https:\/\/todoapulmon-rafaela.com\/index.php\/wp-json\/wp\/v2\/media?parent=26635"}],"wp:term":[{"taxonomy":"category","embeddable":true,"href":"https:\/\/todoapulmon-rafaela.com\/index.php\/wp-json\/wp\/v2\/categories?post=26635"},{"taxonomy":"post_tag","embeddable":true,"href":"https:\/\/todoapulmon-rafaela.com\/index.php\/wp-json\/wp\/v2\/tags?post=26635"}],"curies":[{"name":"wp","href":"https:\/\/api.w.org\/{rel}","templated":true}]}}