{"id":26615,"date":"2021-08-23T16:36:08","date_gmt":"2021-08-23T16:36:08","guid":{"rendered":"https:\/\/todoapulmon-rafaela.com\/?p=26615"},"modified":"2021-08-23T16:36:08","modified_gmt":"2021-08-23T16:36:08","slug":"doble-consagracion-en-medio-fondo-para-benjamin-castillo-molina","status":"publish","type":"post","link":"https:\/\/todoapulmon-rafaela.com\/index.php\/2021\/08\/23\/doble-consagracion-en-medio-fondo-para-benjamin-castillo-molina\/","title":{"rendered":"Doble consagraci\u00f3n en medio fondo para Benjam\u00edn Castillo Molina"},"content":{"rendered":"<p>El pasado s\u00e1bado 21 de agosto se celebr\u00f3 el Campeonato Provincial U18 y U23 de atletismo en la ciudad de Santa Fe. En U18, Benjam\u00edn Castillo Molina se consagr\u00f3 en la dos pruebas en las que particip\u00f3, 800 y 1.500 mts.<br \/>\nEn la pista del Centro de Alto Rendimiento Deportivo de la Santa Fe Benjam\u00edn, de 15 a\u00f1os, se impuso primero en los 1.500 mts., con un tiempo de 4\u00b420&#8243;99, y luego en los 800 mts. empleando 2\u00b407&#8243;09.<br \/>\nAs\u00ed logr\u00f3 consagrarse como campe\u00f3n provincial en ambas pruebas del medio fondo.<br \/>\nLos podios:<\/p>\n<p>1.500 MTS. U18<\/p>\n<p>1\u00ba BENJAM\u00cdN CASTILLO MOLINA (LEHMANN) 4\u00b420&#8243;99<br \/>\n2\u00ba EROS GIM\u00c9NEZ (HUMBOLDT)<br \/>\n3\u00ba IGNACIO BADIO (GALVEZ)<\/p>\n<p>800 MTS. U18<\/p>\n<p>1\u00ba BENJAMIN CASTILLO MOLINA (LEHMANN) 2\u00b407&#8243;09<br \/>\n2\u00ba SANTINO GRASSO (SANTA FE)<br \/>\n3\u00ba ALAN ALMIR\u00d3N (ROSARIO)<br \/>\nEl oriundo de Lehmann tambi\u00e9n logr\u00f3 las marcas m\u00ednimas para participar en el pr\u00f3ximo Campeonato nacional de la categor\u00eda que tendr\u00e1 lugar el pr\u00f3ximo 4 y 5 de setiembre en Posadas, Misiones.<\/p>\n","protected":false},"excerpt":{"rendered":"<p>El pasado s\u00e1bado 21 de agosto se celebr\u00f3 el Campeonato Provincial U18 y U23 de atletismo en la ciudad de<\/p>\n","protected":false},"author":2,"featured_media":26616,"comment_status":"open","ping_status":"open","sticky":false,"template":"","format":"standard","meta":{"footnotes":""},"categories":[7,24],"tags":[],"class_list":["post-26615","post","type-post","status-publish","format-standard","has-post-thumbnail","hentry","category-atletismo","category-noticias-destacadas"],"cc_featured_image_caption":{"caption_text":"Uno de los podios con el lehmense en el primer lugar (foto gentileza Atletismo Lehmann).","source_text":"","source_url":""},"_links":{"self":[{"href":"https:\/\/todoapulmon-rafaela.com\/index.php\/wp-json\/wp\/v2\/posts\/26615"}],"collection":[{"href":"https:\/\/todoapulmon-rafaela.com\/index.php\/wp-json\/wp\/v2\/posts"}],"about":[{"href":"https:\/\/todoapulmon-rafaela.com\/index.php\/wp-json\/wp\/v2\/types\/post"}],"author":[{"embeddable":true,"href":"https:\/\/todoapulmon-rafaela.com\/index.php\/wp-json\/wp\/v2\/users\/2"}],"replies":[{"embeddable":true,"href":"https:\/\/todoapulmon-rafaela.com\/index.php\/wp-json\/wp\/v2\/comments?post=26615"}],"version-history":[{"count":1,"href":"https:\/\/todoapulmon-rafaela.com\/index.php\/wp-json\/wp\/v2\/posts\/26615\/revisions"}],"predecessor-version":[{"id":26617,"href":"https:\/\/todoapulmon-rafaela.com\/index.php\/wp-json\/wp\/v2\/posts\/26615\/revisions\/26617"}],"wp:featuredmedia":[{"embeddable":true,"href":"https:\/\/todoapulmon-rafaela.com\/index.php\/wp-json\/wp\/v2\/media\/26616"}],"wp:attachment":[{"href":"https:\/\/todoapulmon-rafaela.com\/index.php\/wp-json\/wp\/v2\/media?parent=26615"}],"wp:term":[{"taxonomy":"category","embeddable":true,"href":"https:\/\/todoapulmon-rafaela.com\/index.php\/wp-json\/wp\/v2\/categories?post=26615"},{"taxonomy":"post_tag","embeddable":true,"href":"https:\/\/todoapulmon-rafaela.com\/index.php\/wp-json\/wp\/v2\/tags?post=26615"}],"curies":[{"name":"wp","href":"https:\/\/api.w.org\/{rel}","templated":true}]}}