{"id":26505,"date":"2021-08-17T18:43:11","date_gmt":"2021-08-17T18:43:11","guid":{"rendered":"https:\/\/todoapulmon-rafaela.com\/?p=26505"},"modified":"2021-08-17T20:15:44","modified_gmt":"2021-08-17T20:15:44","slug":"mondino-correra-la-segunda-serie-este-miercoles","status":"publish","type":"post","link":"https:\/\/todoapulmon-rafaela.com\/index.php\/2021\/08\/17\/mondino-correra-la-segunda-serie-este-miercoles\/","title":{"rendered":"Mondino correr\u00e1 la segunda serie este mi\u00e9rcoles"},"content":{"rendered":"<p>Horas previas al Campeonato Mundial de Atletismo U20 en Nairobi. Este martes fue la ceremonia inaugural para el gran evento a desarrollarse en el estadio Kasirani desde el mi\u00e9rcoles 18 de agosto, con la presencia de algunas estrellas ya consagradas del atletismo internacional y muchas en camino de serlo. Dentro de ese selecto grupo de casi 1.000 atletas est\u00e1 el rafaelino Tom\u00e1s Mondino, que con apenas 16 a\u00f1os tendr\u00e1 la gran satisfacci\u00f3n de competir en dos pruebas con los velocistas m\u00e1s r\u00e1pidos del mundo, todos de mayor edad que \u00e9l.<\/p>\n<p>Conocido el programa oficial del campeonato, en los 100 metros habr\u00e1 6 series a iniciarse desde las 4.20 (AM) de Argentina, es decir las 10.20 de Kenia. Mondino estar\u00e1 compitiendo en el segundo heat con el nigeriano Favour Oghene Tejiri Ahse, que es el favorito a pasar con sus 10s17 como mejor marca. Recordemos que el representante del Club Ciclista posee 10s43 como mejor antecedente, logrados el mes pasado cuando fue campe\u00f3n Sudamericano en Lima.<\/p>\n<p>Adem\u00e1s del nigeriano, hay otros dos atletas con mejores marcas que Tomy en la misma serie. El cubano Shainer Rengifo Montoya con 10s35 y el turco Umut Uysal con 10s38. De los nueve protagonistas, avanzar\u00e1n los tres primeros a semifinales.<\/p>\n<p>Adem\u00e1s, disputadas las seis series previstas, una vez completados los 18 cupos con los 3 primeros de cada heat, se sumar\u00e1n otros 6 mejores tiempos para sumar 24 atletas que, a las 10.40 (hora Argentina) buscar\u00e1n un lugar en la fnal del jueves.<\/p>\n<p>Estos son los protagonistas de la segunda serie del Mundial U20 con Tom\u00e1s Mondino:<\/p>\n<table class=\"Table_table__2zsdR\" cellpadding=\"0\">\n<thead class=\"TableCollapsible_container__1qKjU\">\n<tr>\n<th class=\"TableCollapsible_cell__mKOw7 TableCollapsible_headerCells__5eBtZ\" title=\"Sort\" colspan=\"1\">\n<div class=\"ResultsLOC_centerText__1dIwe\">ORDER<\/div>\n<\/th>\n<th class=\"TableCollapsible_cell__mKOw7 TableCollapsible_headerCells__5eBtZ\" title=\"Sort\" colspan=\"1\">\n<div class=\"ResultsLOC_centerText__1dIwe\">BIB<\/div>\n<\/th>\n<th class=\"TableCollapsible_cell__mKOw7 TableCollapsible_headerCells__5eBtZ\" title=\"Sort\" colspan=\"1\">COUNTRY<\/th>\n<th class=\"TableCollapsible_cell__mKOw7 TableCollapsible_headerCells__5eBtZ\" title=\"Sort\" colspan=\"1\">ATHLETE<\/th>\n<th class=\"TableCollapsible_cell__mKOw7 TableCollapsible_headerCells__5eBtZ\" title=\"Sort\" colspan=\"1\">PB<\/th>\n<th class=\"TableCollapsible_cell__mKOw7 TableCollapsible_headerCells__5eBtZ\" title=\"Sort\" colspan=\"1\">SB<\/th>\n<th class=\"TableCollapsible_cell__mKOw7 TableCollapsible_headerCells__5eBtZ\" title=\"Sort\" colspan=\"1\">WRK<\/th>\n<\/tr>\n<\/thead>\n<tbody>\n<tr class=\"TableCollapsible_row__3Rxm4\">\n<td class=\"TableCollapsible_cell__mKOw7\">\n<div class=\"ResultsLOC_centerText__1dIwe\">2<\/div>\n<\/td>\n<td class=\"TableCollapsible_cell__mKOw7\">\n<div class=\"ResultsLOC_centerText__1dIwe\">451<\/div>\n<\/td>\n<td class=\"TableCollapsible_cell__mKOw7\"><span class=\"Flags_container__3W63l\">NGR<i class=\"Flags_icon__3Uv11 icon-flag-NGR\"><\/i><\/span><\/td>\n<td class=\"TableCollapsible_cell__mKOw7\">\n<div class=\"\">\n<div><a class=\"ProfileLinks_main__1b_tF\" href=\"https:\/\/worldathletics.org\/athletes\/nigeria\/favour-oghene-tejiri-ashe-14888403\">Favour Oghene Tejiri ASHE<\/a><\/div>\n<div><\/div>\n<\/div>\n<\/td>\n<td class=\"TableCollapsible_cell__mKOw7\">10.17<\/td>\n<td class=\"TableCollapsible_cell__mKOw7\">10.17<\/td>\n<td class=\"TableCollapsible_cell__mKOw7\">&#8211;<\/td>\n<\/tr>\n<tr class=\"TableCollapsible_row__3Rxm4\">\n<td class=\"TableCollapsible_cell__mKOw7\">\n<div class=\"ResultsLOC_centerText__1dIwe\">3<\/div>\n<\/td>\n<td class=\"TableCollapsible_cell__mKOw7\">\n<div class=\"ResultsLOC_centerText__1dIwe\">589<\/div>\n<\/td>\n<td class=\"TableCollapsible_cell__mKOw7\"><span class=\"Flags_container__3W63l\">TUR<i class=\"Flags_icon__3Uv11 icon-flag-TUR\"><\/i><\/span><\/td>\n<td class=\"TableCollapsible_cell__mKOw7\">\n<div class=\"\">\n<div><a class=\"ProfileLinks_main__1b_tF\" href=\"https:\/\/worldathletics.org\/athletes\/turkey\/umut-uysal-14779511\">Umut UYSAL<\/a><\/div>\n<div><\/div>\n<\/div>\n<\/td>\n<td class=\"TableCollapsible_cell__mKOw7\">10.38<\/td>\n<td class=\"TableCollapsible_cell__mKOw7\">10.38<\/td>\n<td class=\"TableCollapsible_cell__mKOw7\">&#8211;<\/td>\n<\/tr>\n<tr class=\"TableCollapsible_row__3Rxm4\">\n<td class=\"TableCollapsible_cell__mKOw7\">\n<div class=\"ResultsLOC_centerText__1dIwe\">4<\/div>\n<\/td>\n<td class=\"TableCollapsible_cell__mKOw7\">\n<div class=\"ResultsLOC_centerText__1dIwe\">154<\/div>\n<\/td>\n<td class=\"TableCollapsible_cell__mKOw7\"><span class=\"Flags_container__3W63l\">BRA<i class=\"Flags_icon__3Uv11 icon-flag-BRA\"><\/i><\/span><\/td>\n<td class=\"TableCollapsible_cell__mKOw7\">\n<div class=\"\">\n<div><a class=\"ProfileLinks_main__1b_tF\" href=\"https:\/\/worldathletics.org\/athletes\/brazil\/izaias-alves-14888479\">Izaias ALVES<\/a><\/div>\n<div><\/div>\n<\/div>\n<\/td>\n<td class=\"TableCollapsible_cell__mKOw7\">10.46<\/td>\n<td class=\"TableCollapsible_cell__mKOw7\">10.50<\/td>\n<td class=\"TableCollapsible_cell__mKOw7\">&#8211;<\/td>\n<\/tr>\n<tr class=\"TableCollapsible_row__3Rxm4\">\n<td class=\"TableCollapsible_cell__mKOw7\">\n<div class=\"ResultsLOC_centerText__1dIwe\">5<\/div>\n<\/td>\n<td class=\"TableCollapsible_cell__mKOw7\">\n<div class=\"ResultsLOC_centerText__1dIwe\">198<\/div>\n<\/td>\n<td class=\"TableCollapsible_cell__mKOw7\"><span class=\"Flags_container__3W63l\">CUB<i class=\"Flags_icon__3Uv11 icon-flag-CUB\"><\/i><\/span><\/td>\n<td class=\"TableCollapsible_cell__mKOw7\">\n<div class=\"\">\n<div><a class=\"ProfileLinks_main__1b_tF\" href=\"https:\/\/worldathletics.org\/athletes\/cuba\/shainer-rengifo-montoya-14835237\">Shainer RENGIFO MONTOYA<\/a><\/div>\n<div><\/div>\n<\/div>\n<\/td>\n<td class=\"TableCollapsible_cell__mKOw7\">10.35<\/td>\n<td class=\"TableCollapsible_cell__mKOw7\">10.59<\/td>\n<td class=\"TableCollapsible_cell__mKOw7\">&#8211;<\/td>\n<\/tr>\n<tr class=\"TableCollapsible_row__3Rxm4\">\n<td class=\"TableCollapsible_cell__mKOw7\">\n<div class=\"ResultsLOC_centerText__1dIwe\">6<\/div>\n<\/td>\n<td class=\"TableCollapsible_cell__mKOw7\">\n<div class=\"ResultsLOC_centerText__1dIwe\">218<\/div>\n<\/td>\n<td class=\"TableCollapsible_cell__mKOw7\"><span class=\"Flags_container__3W63l\">ECU<i class=\"Flags_icon__3Uv11 icon-flag-ECU\"><\/i><\/span><\/td>\n<td class=\"TableCollapsible_cell__mKOw7\">\n<div class=\"\">\n<div><a class=\"ProfileLinks_main__1b_tF\" href=\"https:\/\/worldathletics.org\/athletes\/ecuador\/katriel-angulo-14844996\">Katriel ANGULO<\/a><\/div>\n<div><\/div>\n<\/div>\n<\/td>\n<td class=\"TableCollapsible_cell__mKOw7\">10.58<\/td>\n<td class=\"TableCollapsible_cell__mKOw7\">10.58<\/td>\n<td class=\"TableCollapsible_cell__mKOw7\">&#8211;<\/td>\n<\/tr>\n<tr class=\"TableCollapsible_row__3Rxm4\">\n<td class=\"TableCollapsible_cell__mKOw7\">\n<div class=\"ResultsLOC_centerText__1dIwe\">7<\/div>\n<\/td>\n<td class=\"TableCollapsible_cell__mKOw7\">\n<div class=\"ResultsLOC_centerText__1dIwe\">118<\/div>\n<\/td>\n<td class=\"TableCollapsible_cell__mKOw7\"><span class=\"Flags_container__3W63l\">ARG<i class=\"Flags_icon__3Uv11 icon-flag-ARG\"><\/i><\/span><\/td>\n<td class=\"TableCollapsible_cell__mKOw7\">\n<div class=\"\">\n<div><a class=\"ProfileLinks_main__1b_tF\" href=\"https:\/\/worldathletics.org\/athletes\/argentina\/tom%C3%A1s-mondino-14961793\">Tom\u00e1s MONDINO<\/a><\/div>\n<div><\/div>\n<\/div>\n<\/td>\n<td class=\"TableCollapsible_cell__mKOw7\">10.43<\/td>\n<td class=\"TableCollapsible_cell__mKOw7\">10.43<\/td>\n<td class=\"TableCollapsible_cell__mKOw7\">&#8211;<\/td>\n<\/tr>\n<tr class=\"TableCollapsible_row__3Rxm4\">\n<td class=\"TableCollapsible_cell__mKOw7\">\n<div class=\"ResultsLOC_centerText__1dIwe\">8<\/div>\n<\/td>\n<td class=\"TableCollapsible_cell__mKOw7\">\n<div class=\"ResultsLOC_centerText__1dIwe\">126<\/div>\n<\/td>\n<td class=\"TableCollapsible_cell__mKOw7\"><span class=\"Flags_container__3W63l\">BAH<i class=\"Flags_icon__3Uv11 icon-flag-BAH\"><\/i><\/span><\/td>\n<td class=\"TableCollapsible_cell__mKOw7\">\n<div class=\"\">\n<div><a class=\"ProfileLinks_main__1b_tF\" href=\"https:\/\/worldathletics.org\/athletes\/bahamas\/wendell-miller-14887962\">Wendell MILLER<\/a><\/div>\n<div><\/div>\n<\/div>\n<\/td>\n<td class=\"TableCollapsible_cell__mKOw7\">10.52<\/td>\n<td class=\"TableCollapsible_cell__mKOw7\">10.52<\/td>\n<td class=\"TableCollapsible_cell__mKOw7\">&#8211;<\/td>\n<\/tr>\n<tr class=\"TableCollapsible_row__3Rxm4\">\n<td class=\"TableCollapsible_cell__mKOw7\">\n<div class=\"ResultsLOC_centerText__1dIwe\">9<\/div>\n<\/td>\n<td class=\"TableCollapsible_cell__mKOw7\">\n<div class=\"ResultsLOC_centerText__1dIwe\">430<\/div>\n<\/td>\n<td class=\"TableCollapsible_cell__mKOw7\"><span class=\"Flags_container__3W63l\">LBR<i class=\"Flags_icon__3Uv11 icon-flag-LBR\"><\/i><\/span><\/td>\n<td class=\"TableCollapsible_cell__mKOw7\">\n<div class=\"\">\n<div><a class=\"ProfileLinks_main__1b_tF\" href=\"https:\/\/worldathletics.org\/athletes\/liberia\/arthur-quaqua-14991720\">Arthur QUAQUA<\/a><\/div>\n<div><\/div>\n<\/div>\n<\/td>\n<td class=\"TableCollapsible_cell__mKOw7\">&#8211;<\/td>\n<td class=\"TableCollapsible_cell__mKOw7\">&#8211;<\/td>\n<td class=\"TableCollapsible_cell__mKOw7\">&#8211;<\/td>\n<\/tr>\n<\/tbody>\n<\/table>\n<p>Por otra parte, su compa\u00f1ero Bautista Diamante (10s53) competir\u00e1 en la quinta serie, donde el italiano Mateo Melluzzo con 10s25 tiene el mejor antecedente.<\/p>\n<p>Este mi\u00e9rcoles el primer argentino en competir ser\u00e1 el entrerriano Sebasti\u00e1n Tommasi en lanzamiento de martillo (clasificaci\u00f3n, 3.08 de Argentina) y luego, a las 10 de nuestro pa\u00eds lo har\u00e1 la santafesina Luciana G\u00f3mez Iriondo en salto con garrocha.<\/p>\n<p>Recordemos que el Mundial puede seguirse v\u00eda streaming por TyC Sports Play o por las diferentes plataformas de World Athletics.<\/p>\n","protected":false},"excerpt":{"rendered":"<p>Horas previas al Campeonato Mundial de Atletismo U20 en Nairobi. Este martes fue la ceremonia inaugural para el gran evento<\/p>\n","protected":false},"author":2,"featured_media":26508,"comment_status":"open","ping_status":"open","sticky":false,"template":"","format":"standard","meta":{"footnotes":""},"categories":[7,24],"tags":[],"class_list":["post-26505","post","type-post","status-publish","format-standard","has-post-thumbnail","hentry","category-atletismo","category-noticias-destacadas"],"cc_featured_image_caption":{"caption_text":"El desfile del equipo argentino en el estadio Kasirani. (Foto World Athletics).","source_text":"","source_url":""},"_links":{"self":[{"href":"https:\/\/todoapulmon-rafaela.com\/index.php\/wp-json\/wp\/v2\/posts\/26505"}],"collection":[{"href":"https:\/\/todoapulmon-rafaela.com\/index.php\/wp-json\/wp\/v2\/posts"}],"about":[{"href":"https:\/\/todoapulmon-rafaela.com\/index.php\/wp-json\/wp\/v2\/types\/post"}],"author":[{"embeddable":true,"href":"https:\/\/todoapulmon-rafaela.com\/index.php\/wp-json\/wp\/v2\/users\/2"}],"replies":[{"embeddable":true,"href":"https:\/\/todoapulmon-rafaela.com\/index.php\/wp-json\/wp\/v2\/comments?post=26505"}],"version-history":[{"count":1,"href":"https:\/\/todoapulmon-rafaela.com\/index.php\/wp-json\/wp\/v2\/posts\/26505\/revisions"}],"predecessor-version":[{"id":26507,"href":"https:\/\/todoapulmon-rafaela.com\/index.php\/wp-json\/wp\/v2\/posts\/26505\/revisions\/26507"}],"wp:featuredmedia":[{"embeddable":true,"href":"https:\/\/todoapulmon-rafaela.com\/index.php\/wp-json\/wp\/v2\/media\/26508"}],"wp:attachment":[{"href":"https:\/\/todoapulmon-rafaela.com\/index.php\/wp-json\/wp\/v2\/media?parent=26505"}],"wp:term":[{"taxonomy":"category","embeddable":true,"href":"https:\/\/todoapulmon-rafaela.com\/index.php\/wp-json\/wp\/v2\/categories?post=26505"},{"taxonomy":"post_tag","embeddable":true,"href":"https:\/\/todoapulmon-rafaela.com\/index.php\/wp-json\/wp\/v2\/tags?post=26505"}],"curies":[{"name":"wp","href":"https:\/\/api.w.org\/{rel}","templated":true}]}}