{"id":26502,"date":"2021-08-17T17:14:49","date_gmt":"2021-08-17T17:14:49","guid":{"rendered":"https:\/\/todoapulmon-rafaela.com\/?p=26502"},"modified":"2021-08-17T17:14:49","modified_gmt":"2021-08-17T17:14:49","slug":"el-domingo-jugaran-crar-y-9-de-julio-por-el-torneo-de-la-fosh","status":"publish","type":"post","link":"https:\/\/todoapulmon-rafaela.com\/index.php\/2021\/08\/17\/el-domingo-jugaran-crar-y-9-de-julio-por-el-torneo-de-la-fosh\/","title":{"rendered":"El domingo jugar\u00e1n CRAR y 9 de Julio por el torneo de la FOSH"},"content":{"rendered":"<p>El pr\u00f3ximo fin de semana tendremos nuevamente actividad por la Zona Rafaela de la Federaci\u00f3n del Oeste Santafesino de Hockey sobre C\u00e9sped. El domingo est\u00e1 previsto de manera \u00edntegra la disputa de la quinta fecha del torneo de Damas.<\/p>\n<p>Habr\u00e1 un duelo trascendente en la programaci\u00f3n, ya que se enfrentar\u00e1n CRAR y 9 de Julio en el sint\u00e9tico a partir de las 16.30, en primera divisi\u00f3n. En ese encuentro estar\u00e1 en juego la punta del certamen, que en estos momentos muestra a las julienses al frente con 2 puntos de ventaja, pero acotando que el elenco verde tiene un partido pendiente.<\/p>\n<p>Cabe mencionar que estos equipos rafaelinos en el \u00e1mbito de la FOSH no se enfrentan desde 2016. En aquel a\u00f1o CRAR hab\u00eda participado con una l\u00ednea B.<\/p>\n<p>Por otra parte, una de las novedades pasar\u00e1 por la incorporaci\u00f3n a la competencia de reserva del representativo de Club Ciclista, que estaba disputando otra Liga de la regi\u00f3n, reemplazando en esa categor\u00eda a Atl\u00e9tico de Rafaela. La Crema solamente sigue jugando el torneo en primera.<\/p>\n<p>Este es el detalle de la programaci\u00f3n:<\/p>\n<div><span style=\"color: #444444;font-family: Calibri, Arial, Helvetica, sans-serif\">\u00a0<\/span><\/div>\n<div>\n<table width=\"863\">\n<colgroup>\n<col width=\"133\" \/>\n<col width=\"86\" \/>\n<col width=\"177\" \/>\n<col width=\"111\" \/>\n<col width=\"172\" \/>\n<col width=\"184\" \/><\/colgroup>\n<tbody>\n<tr>\n<td width=\"133\" height=\"25\">CATEGORIA<\/td>\n<td width=\"86\">HORARIO<\/td>\n<td colspan=\"3\" width=\"460\">FECHA 5 DAMAS<\/td>\n<td width=\"184\">CANCHA<\/td>\n<\/tr>\n<tr>\n<td height=\"20\">RESERVA<\/td>\n<td>9:30<\/td>\n<td>C. CICLISTA<\/td>\n<td>vs<\/td>\n<td>C. SPORTIVO NORTE<\/td>\n<td>C.R.A.R.<\/td>\n<\/tr>\n<tr>\n<td height=\"20\">PRIMERA<\/td>\n<td>11:00<\/td>\n<td>ATLETICO RAFAELA<\/td>\n<td>vs<\/td>\n<td>C. SPORTIVO NORTE<\/td>\n<td>C.R.A.R.<\/td>\n<\/tr>\n<tr>\n<td height=\"20\">SUB15<\/td>\n<td>12:30<\/td>\n<td>9 DE RAFAELA<\/td>\n<td>vs<\/td>\n<td>C.R.A.R.<\/td>\n<td>C.R.A.R.<\/td>\n<\/tr>\n<tr>\n<td height=\"20\">SUB17<\/td>\n<td>13:45<\/td>\n<td>9 DE RAFAELA<\/td>\n<td>vs<\/td>\n<td>C.R.A.R.<\/td>\n<td>C.R.A.R.<\/td>\n<\/tr>\n<tr>\n<td height=\"25\">RESERVA<\/td>\n<td>15:00<\/td>\n<td>9 DE RAFAELA<\/td>\n<td>vs<\/td>\n<td>C.R.A.R.<\/td>\n<td>C.R.A.R.<\/td>\n<\/tr>\n<tr>\n<td height=\"20\">PRIMERA<\/td>\n<td>16:30<\/td>\n<td>9 DE RAFAELA<\/td>\n<td>vs<\/td>\n<td>C.R.A.R.<\/td>\n<td>C.R.A.R.<\/td>\n<\/tr>\n<\/tbody>\n<\/table>\n<\/div>\n<div>\n<table width=\"863\">\n<colgroup>\n<col width=\"133\" \/>\n<col width=\"86\" \/>\n<col width=\"177\" \/>\n<col width=\"111\" \/>\n<col width=\"172\" \/>\n<col width=\"184\" \/><\/colgroup>\n<tbody>\n<tr>\n<td width=\"133\" height=\"25\">CATEGORIA<\/td>\n<td width=\"86\">HORARIO<\/td>\n<td colspan=\"3\" width=\"460\">FECHA 5 DAMAS<\/td>\n<td width=\"184\">CANCHA<\/td>\n<\/tr>\n<tr>\n<td height=\"20\">RESERVA<\/td>\n<td>9:30<\/td>\n<td>JUVENTUD UNIDA<\/td>\n<td>vs<\/td>\n<td>C. DEPORTIVO LIBERTAD<\/td>\n<td>C. A. SARMIENTO<\/td>\n<\/tr>\n<tr>\n<td height=\"20\">PRIMERA<\/td>\n<td>11:00<\/td>\n<td>JUVENTUD UNIDA<\/td>\n<td>vs<\/td>\n<td>C. DEPORTIVO LIBERTAD<\/td>\n<td>C. A. SARMIENTO<\/td>\n<\/tr>\n<tr>\n<td height=\"25\">SUB15<\/td>\n<td>12:30<\/td>\n<td>C. A. SARMIENTO<\/td>\n<td>vs<\/td>\n<td>C. A. SAN JORGE<\/td>\n<td>C. A. SARMIENTO<\/td>\n<\/tr>\n<tr>\n<td height=\"20\">SUB17<\/td>\n<td>14:00<\/td>\n<td>C. A. SARMIENTO<\/td>\n<td><\/td>\n<td>C. A. SAN JORGE<\/td>\n<td>C. A. SARMIENTO<\/td>\n<\/tr>\n<tr>\n<td height=\"20\">PRIMERA<\/td>\n<td>15:30<\/td>\n<td>C. A. SARMIENTO<\/td>\n<td>vs<\/td>\n<td>C. A. SAN JORGE<\/td>\n<td>C. A. SARMIENTO<\/td>\n<\/tr>\n<\/tbody>\n<\/table>\n<\/div>\n<div>\n<table width=\"863\">\n<tbody>\n<tr>\n<td width=\"133\" height=\"25\">CATEGORIA<\/td>\n<td width=\"86\">HORARIO<\/td>\n<td colspan=\"3\" width=\"460\">FECHA 5 DAMAS<\/td>\n<td width=\"184\">CANCHA<\/td>\n<\/tr>\n<tr>\n<td height=\"21\">RESERVA<\/td>\n<td>15:30<\/td>\n<td>C. CHARABONES<\/td>\n<td>vs<\/td>\n<td>C. S. Y D. BELLA ITALIA<\/td>\n<td>CHARABONES<\/td>\n<\/tr>\n<tr>\n<td height=\"20\">PRIMERA<\/td>\n<td>16:45<\/td>\n<td>C. CHARABONES<\/td>\n<td>vs<\/td>\n<td>C. S. Y D. BELLA ITALIA<\/td>\n<td>CHARABONES<\/td>\n<\/tr>\n<\/tbody>\n<\/table>\n<\/div>\n<p>Tambi\u00e9n habr\u00e1 actividad en el torneo de caballeros este fin de semana.<\/p>\n<p>9 de Julio de nuestra ciudad jugar\u00e1 el domingo en San Francisco ante Ant\u00e1rtida Argentina.<\/p>\n<p>La programaci\u00f3n a continuaci\u00f3n:<\/p>\n<div>\n<table width=\"863\">\n<colgroup>\n<col width=\"133\" \/>\n<col width=\"86\" \/>\n<col width=\"177\" \/>\n<col width=\"111\" \/>\n<col width=\"172\" \/>\n<col width=\"184\" \/><\/colgroup>\n<tbody>\n<tr>\n<td width=\"133\" height=\"25\">CATEGORIA<\/td>\n<td width=\"86\">HORARIO<\/td>\n<td colspan=\"3\" width=\"460\">FECHA 3 CABALLEROS &#8211; 21 DE AGOSTO<\/td>\n<td width=\"184\">CANCHA<\/td>\n<\/tr>\n<tr>\n<td height=\"20\">PRIMERA<\/td>\n<td>15:00<\/td>\n<td>C. CHARABONES<\/td>\n<td>vs<\/td>\n<td>9 DE JULIO DE MORTEROS<\/td>\n<td>CHARABONES<\/td>\n<\/tr>\n<tr>\n<td height=\"20\">RESERVA<\/td>\n<td>16:30<\/td>\n<td>C. CHARABONES<\/td>\n<td>vs<\/td>\n<td>9 DE JULIO DE MORTEROS<\/td>\n<td>CHARABONES<\/td>\n<\/tr>\n<\/tbody>\n<\/table>\n<\/div>\n<div>\n<table width=\"863\">\n<colgroup>\n<col width=\"133\" \/>\n<col width=\"86\" \/>\n<col width=\"177\" \/>\n<col width=\"111\" \/>\n<col width=\"172\" \/>\n<col width=\"184\" \/><\/colgroup>\n<tbody>\n<tr>\n<td width=\"133\" height=\"25\">CATEGORIA<\/td>\n<td width=\"86\">HORARIO<\/td>\n<td colspan=\"3\" width=\"460\">FECHA 3 CABALLEROS &#8211; 22 DE AGOSTO<\/td>\n<td width=\"184\">CANCHA<\/td>\n<\/tr>\n<tr>\n<td height=\"20\">PRIMERA<\/td>\n<td>9:30<\/td>\n<td>C. A. ANTARTIDA<\/td>\n<td>vs<\/td>\n<td>9 DE JULIO DE RAFAELA<\/td>\n<td>ANTARTIDA<\/td>\n<\/tr>\n<tr>\n<td height=\"20\">PRIMERA<\/td>\n<td>11:00<\/td>\n<td>C. CULTURAL DE ARROYITO<\/td>\n<td>vs<\/td>\n<td>C. ALMA JR.<\/td>\n<td>ANTARTIDA<\/td>\n<\/tr>\n<tr>\n<td height=\"20\">RESERVA<\/td>\n<td>12:30<\/td>\n<td>C. A. ANTARTIDA<\/td>\n<td>vs<\/td>\n<td>9 DE JULIO DE RAFAELA<\/td>\n<td>ANTARTIDA<\/td>\n<\/tr>\n<tr>\n<td height=\"20\">PRIMERA<\/td>\n<td>13:45<\/td>\n<td>C. CULTURAL DE ARROYITO<\/td>\n<td>vs<\/td>\n<td>C. ALMA JR.<\/td>\n<td>ANTARTIDA<\/td>\n<\/tr>\n<\/tbody>\n<\/table>\n<\/div>\n","protected":false},"excerpt":{"rendered":"<p>El pr\u00f3ximo fin de semana tendremos nuevamente actividad por la Zona Rafaela de la Federaci\u00f3n del Oeste Santafesino de Hockey<\/p>\n","protected":false},"author":2,"featured_media":26503,"comment_status":"open","ping_status":"open","sticky":false,"template":"","format":"standard","meta":{"footnotes":""},"categories":[3,24],"tags":[],"class_list":["post-26502","post","type-post","status-publish","format-standard","has-post-thumbnail","hentry","category-hockey","category-noticias-destacadas"],"cc_featured_image_caption":{"caption_text":"Volver\u00e1 a darse el enfrentamiento de manera oficial luego de casi 5 a\u00f1os.","source_text":"","source_url":""},"_links":{"self":[{"href":"https:\/\/todoapulmon-rafaela.com\/index.php\/wp-json\/wp\/v2\/posts\/26502"}],"collection":[{"href":"https:\/\/todoapulmon-rafaela.com\/index.php\/wp-json\/wp\/v2\/posts"}],"about":[{"href":"https:\/\/todoapulmon-rafaela.com\/index.php\/wp-json\/wp\/v2\/types\/post"}],"author":[{"embeddable":true,"href":"https:\/\/todoapulmon-rafaela.com\/index.php\/wp-json\/wp\/v2\/users\/2"}],"replies":[{"embeddable":true,"href":"https:\/\/todoapulmon-rafaela.com\/index.php\/wp-json\/wp\/v2\/comments?post=26502"}],"version-history":[{"count":1,"href":"https:\/\/todoapulmon-rafaela.com\/index.php\/wp-json\/wp\/v2\/posts\/26502\/revisions"}],"predecessor-version":[{"id":26504,"href":"https:\/\/todoapulmon-rafaela.com\/index.php\/wp-json\/wp\/v2\/posts\/26502\/revisions\/26504"}],"wp:featuredmedia":[{"embeddable":true,"href":"https:\/\/todoapulmon-rafaela.com\/index.php\/wp-json\/wp\/v2\/media\/26503"}],"wp:attachment":[{"href":"https:\/\/todoapulmon-rafaela.com\/index.php\/wp-json\/wp\/v2\/media?parent=26502"}],"wp:term":[{"taxonomy":"category","embeddable":true,"href":"https:\/\/todoapulmon-rafaela.com\/index.php\/wp-json\/wp\/v2\/categories?post=26502"},{"taxonomy":"post_tag","embeddable":true,"href":"https:\/\/todoapulmon-rafaela.com\/index.php\/wp-json\/wp\/v2\/tags?post=26502"}],"curies":[{"name":"wp","href":"https:\/\/api.w.org\/{rel}","templated":true}]}}