{"id":26489,"date":"2021-08-17T11:20:09","date_gmt":"2021-08-17T11:20:09","guid":{"rendered":"https:\/\/todoapulmon-rafaela.com\/?p=26489"},"modified":"2021-08-17T11:20:09","modified_gmt":"2021-08-17T11:20:09","slug":"numerosa-delegacion-de-amancay-se-destaco-en-marcos-juarez","status":"publish","type":"post","link":"https:\/\/todoapulmon-rafaela.com\/index.php\/2021\/08\/17\/numerosa-delegacion-de-amancay-se-destaco-en-marcos-juarez\/","title":{"rendered":"Numerosa delegaci\u00f3n de Amancay se destac\u00f3 en Marcos Ju\u00e1rez"},"content":{"rendered":"<p>El s\u00e1bado 14 de corriente en la localidad de Marcos Ju\u00e1rez, provincia de C\u00f3rdoba, se realiz\u00f3 el primer encuentro de Nataci\u00f3n Master organizado por la Federaci\u00f3n Cordobesa de Nataci\u00f3n luego de la pandemia. El mismo se realiz\u00f3 en las instalaciones del Club Argentino y se denomin\u00f3 \u00abAniversario Club Argentino-Reencuentro\u00bb.<\/p>\n<p>Bajo un estricto protocolo que inclu\u00eda estar vacunado o presentar un test negativo de COVID-19 con no m\u00e1s de 48hs de realizado, manejos de grupos en burbujas, distanciamiento social y sin p\u00fablico, el Natatorio Amancay de Rafaela concurri\u00f3 con 20 participantes.<\/p>\n<p>\u201cRetornamos a las competencias deportivas que tanto motivan a los nadadores y que sin ser el objetivo principal de quienes asisten a la pile, sirven en buena medida para medir la evoluci\u00f3n personal de cada nadador y la comparaci\u00f3n con otros que te da la competencia, en esta ocasi\u00f3n en pruebas de velocidad\u201d, nos comentaban los titulares del Natatorio Gabriela Mezzo y Mart\u00edn Morgada, que fueron como profesores y participantes, as\u00ed como tambi\u00e9n lo hizo la profesora Solana Novello.<\/p>\n<p><img loading=\"lazy\" decoding=\"async\" class=\"alignnone size-medium wp-image-26491\" src=\"https:\/\/todoapulmon-rafaela.com\/wp-content\/uploads\/2021\/08\/foto-nota-5-300x300.jpg\" alt=\"foto nota 5\" width=\"300\" height=\"300\" srcset=\"https:\/\/todoapulmon-rafaela.com\/wp-content\/uploads\/2021\/08\/foto-nota-5-300x300.jpg 300w, https:\/\/todoapulmon-rafaela.com\/wp-content\/uploads\/2021\/08\/foto-nota-5-150x150.jpg 150w, https:\/\/todoapulmon-rafaela.com\/wp-content\/uploads\/2021\/08\/foto-nota-5.jpg 1080w\" sizes=\"(max-width: 300px) 100vw, 300px\" \/><\/p>\n<p>Acotaron que \u00abPara nosotros es un orgullo que nuestros nadadores vean su crecimiento y nos acompa\u00f1en en estos encuentros deportivos de este deporte tan bueno para la salud. Agradecemos a la Federaci\u00f3n Cordobesa por su invitaci\u00f3n y por su compromiso con el cuidado de los nadadores. En estas competencias, adem\u00e1s de los premios individuales que otorgaba cada prueba, que se divid\u00eda en categor\u00edas seg\u00fan la edad, se otorga un puntaje a cada participante de acuerdo al puesto que lleg\u00f3 en cada carrera y el Natatorio Amancay ocup\u00f3 el <strong>Sexto Puesto <\/strong>entre 19 instituciones algo m\u00e1s que destacable y que queremos que se repita en pr\u00f3ximas ocasiones sumando m\u00e1s gente a estas competencias\u00bb.<\/p>\n<p><img loading=\"lazy\" decoding=\"async\" class=\"alignnone size-medium wp-image-26492\" src=\"https:\/\/todoapulmon-rafaela.com\/wp-content\/uploads\/2021\/08\/foto-para-la-nota-3-300x225.jpg\" alt=\"foto para la nota 3\" width=\"300\" height=\"225\" srcset=\"https:\/\/todoapulmon-rafaela.com\/wp-content\/uploads\/2021\/08\/foto-para-la-nota-3-300x225.jpg 300w, https:\/\/todoapulmon-rafaela.com\/wp-content\/uploads\/2021\/08\/foto-para-la-nota-3.jpg 1600w\" sizes=\"(max-width: 300px) 100vw, 300px\" \/> <img loading=\"lazy\" decoding=\"async\" class=\"alignnone size-medium wp-image-26493\" src=\"https:\/\/todoapulmon-rafaela.com\/wp-content\/uploads\/2021\/08\/foto-para-la-nota-2-300x256.jpg\" alt=\"foto para la nota 2\" width=\"300\" height=\"256\" srcset=\"https:\/\/todoapulmon-rafaela.com\/wp-content\/uploads\/2021\/08\/foto-para-la-nota-2-300x256.jpg 300w, https:\/\/todoapulmon-rafaela.com\/wp-content\/uploads\/2021\/08\/foto-para-la-nota-2.jpg 1600w\" sizes=\"(max-width: 300px) 100vw, 300px\" \/><\/p>\n<p>Asimismo, aclararon que \u00abDentro de los 20 competidores asistieron cuatro nadadores que representan adem\u00e1s de a nuestro Natatorio, a la U.N.Raf quien desarrolla el programa de Nataci\u00f3n en nuestro natatorio (Juan Campos, El\u00edas Culzoni, Emanuel Camperi y Gabriela Mezzo)\u00bb.<\/p>\n<p>Los participantes de esta competencia y sus resultados fueron:<\/p>\n<ul>\n<li><u>Camila Ledheros<\/u>: 3\u00b0 Puesto en 50mts Libre, 4\u00b0 Puesto en 100mts Libre, 12\u00b0 Posta 4&#215;50 estilo libre y 12\u00b0 Posta 4&#215;50 Combinado.<\/li>\n<li><u>Facundo Birgy<\/u>: 3\u00b0 Posta 4&#215;50 estilo libre, 4\u00b0 Posta 4&#215;50 Combinado,13\u00b0 Puesto en 100mts libre, 11\u00b0 Puesto en 50mts Pecho y 21\u00b0 Puesto en 50mts libre.<\/li>\n<li><u>Juan Campos<\/u>: 3\u00b0 Posta 4&#215;50 estilo libre, 4\u00b0 Posta 4&#215;50 Combinado, 14\u00b0 Puesto en 100mts libre, 9\u00b0 Puesto en 50mts Pecho y 20\u00b0 Puesto en 50mts libre.<\/li>\n<li><u>El\u00edas Culzoni<\/u>: 3\u00b0 Posta 4&#215;50 estilo libre, 4\u00b0 Posta 4&#215;50 Combinado, 7\u00b0 Puesto en 50mts Pecho y 10\u00b0 Puesto en 50mts libre.<\/li>\n<li><u>Mat\u00edas Maina<\/u>: 5\u00b0 Puesto en 50mts Pecho, 8\u00b0 Puesto en 50mts libre, 8\u00b0 Puesto en 100mts combinados, 7\u00b0 Posta 4x50mts combinado y 8\u00b0 Puesto en Posta 4&#215;50 estilo libre,<\/li>\n<li><u>Ives Minetti<\/u>: 3\u00b0 Puesto en 50mts Libre, 2\u00b0 Puesto en 50Mts Pecho, 7\u00b0 Puesto en 100mts libre, 8\u00b0 Posta 4x50mts combinado y 7\u00b0 Puesto en Posta 4&#215;50 estilo libre.<\/li>\n<li><u>Facundo Rubino<\/u>: 3\u00b0 Puesto en 50Mts Pecho, 5\u00b0 Puesto en 100mts combinado, 9\u00b0 Puesto en 100mts libre, 8\u00b0 Posta 4x50mts combinado y 7\u00b0 Puesto en Posta 4&#215;50 estilo libre.<\/li>\n<li><u>Cristian Gaitan<\/u>: 9\u00b0 Puesto en 100mts libre, 12\u00b0 Posta 4&#215;50 estilo libre, 12\u00b0 Posta 4&#215;50 Combinado y 17\u00b0 Puesto en 50mts libre.<\/li>\n<li><u>Mart\u00edn Morgada<\/u>: 3\u00b0 Puesto en 50mts Pecho, 4\u00b0 Puesto en 100mts Libre, 4\u00b0 Puesto en 50mts Libre, 7\u00b0 Posta 4x50mts combinado y 8\u00b0 Posta 4x50mts combinado<\/li>\n<li><u>Pablo Scozzina<\/u>: 1\u00b0 Puesto en 100mts Mariposa, 2\u00b0 Puesto en 100mts libre, 5\u00b0 Puesto en 100mts Combinados, 1\u00b0 Puesto en Posta 4&#215;50 estilo libre y 1\u00b0 Puesto en Posta 4&#215;50 combinado.<\/li>\n<li><u>Natalia Carinelli<\/u>: 1\u00b0 Puesto en 50mts Mariposa, 1\u00b0 Puesto en 100mts Pecho, 1\u00b0 Puesto en 100mts Combinados, 7\u00b0 Posta 4x50mts combinado, 8\u00b0 Posta 4x50mts Libre.<\/li>\n<li><u>Gabriela Mezzo<\/u>: 1\u00b0 Puesto en 50mts Mariposa, 1\u00b0 Puesto en 100mts Pecho, 1\u00b0 Puesto en 100mts Combinados, 7\u00b0 Posta 4x50mts combinado y 8\u00b0 Posta 4x50mts Libre.<\/li>\n<li><u>Pablo Fontana<\/u>: 1\u00b0 Puesto en Posta 4&#215;50 estilo libre, 1\u00b0 Puesto en Posta 4&#215;50 combinado, 5\u00b0 Puesto en 50mts Mariposa, 7\u00b0 Puesto en 50mts Pecho y 5\u00b0 Puesto en 50mts Libre.<\/li>\n<li><u>Germ\u00e1n Mehring<\/u>: 3\u00b0 Puesto en 100mts Combinado, 1\u00b0 Puesto en Posta 4&#215;50 estilo libre, 1\u00b0 Puesto en Posta 4&#215;50 combinado, 5\u00b0 Puesto en 50mts Mariposa y 5\u00b0 Puesto en 50mts Libre.<\/li>\n<li><u>Jorge Trossero<\/u>: 1\u00b0 Puesto en Posta 4&#215;50 estilo libre, 1\u00b0 Puesto en Posta 4&#215;50 combinado, 8\u00b0 Puesto en 50mts Pecho, 7\u00b0 Puesto en 50mts Espalda y 12\u00b0 Puesto en 50mts Libre.<\/li>\n<li><u>Eduardo Maretto<\/u>: 3\u00b0 Puesto en 50mts Mariposa, 4\u00b0 Puesto en 50mts Libre, 8\u00b0 Posta 4x50mts combinado, 7\u00b0 Puesto en Posta 4&#215;50 estilo libre.<\/li>\n<li><u>Macarena Quiroga<\/u>: 2\u00b0 Puesto en 50mts Espalda, 5\u00b0 Puesto en 50mts Pecho, 6\u00b0 Puesto en 50mts Libre, 12\u00b0 Posta 4&#215;50 estilo libre y 12\u00b0 Posta 4&#215;50 Combinado.<\/li>\n<li><u>Emanuel Camperi<\/u>: 4\u00b0 Puesto en 50Mts Pecho, 9\u00b0 Puesto en 50mts Libre, 8\u00b0 Posta 4x50mts combinado y 7\u00b0 Puesto en Posta 4&#215;50 estilo libre.<\/li>\n<li><u>Solana Novello<\/u>: 3\u00b0 Posta 4&#215;50 estilo libre, 4\u00b0 Posta 4&#215;50 Combinado, 5\u00b0 Puesto 50mts estilo libre.<\/li>\n<li><u>Guillermo Fern\u00e1ndez<\/u>: 3\u00b0 Puesto en 50mts Pecho, 3\u00b0 Puesto en 50mts Crol, 12\u00b0 Posta 4&#215;50 estilo libre y 12\u00b0 Posta 4&#215;50 Combinado.<\/li>\n<\/ul>\n<p>Todo el evento fue filmado en directo y pueden verlo en:<\/p>\n<p>https:\/\/www.facebook.com\/1167136573312013\/videos\/526829171733988<\/p>\n<p>https:\/\/www.facebook.com\/1167136573312013\/videos\/516510862974301.<\/p>\n","protected":false},"excerpt":{"rendered":"<p>El s\u00e1bado 14 de corriente en la localidad de Marcos Ju\u00e1rez, provincia de C\u00f3rdoba, se realiz\u00f3 el primer encuentro de<\/p>\n","protected":false},"author":2,"featured_media":26490,"comment_status":"open","ping_status":"open","sticky":false,"template":"","format":"standard","meta":{"footnotes":""},"categories":[26,24],"tags":[],"class_list":["post-26489","post","type-post","status-publish","format-standard","has-post-thumbnail","hentry","category-natacion","category-noticias-destacadas"],"cc_featured_image_caption":{"caption_text":"La delegaci\u00f3n que se destac\u00f3 en el torneo realizado en Marcos Ju\u00e1rez (foto prensa Natatorio Amancay).","source_text":"","source_url":""},"_links":{"self":[{"href":"https:\/\/todoapulmon-rafaela.com\/index.php\/wp-json\/wp\/v2\/posts\/26489"}],"collection":[{"href":"https:\/\/todoapulmon-rafaela.com\/index.php\/wp-json\/wp\/v2\/posts"}],"about":[{"href":"https:\/\/todoapulmon-rafaela.com\/index.php\/wp-json\/wp\/v2\/types\/post"}],"author":[{"embeddable":true,"href":"https:\/\/todoapulmon-rafaela.com\/index.php\/wp-json\/wp\/v2\/users\/2"}],"replies":[{"embeddable":true,"href":"https:\/\/todoapulmon-rafaela.com\/index.php\/wp-json\/wp\/v2\/comments?post=26489"}],"version-history":[{"count":1,"href":"https:\/\/todoapulmon-rafaela.com\/index.php\/wp-json\/wp\/v2\/posts\/26489\/revisions"}],"predecessor-version":[{"id":26494,"href":"https:\/\/todoapulmon-rafaela.com\/index.php\/wp-json\/wp\/v2\/posts\/26489\/revisions\/26494"}],"wp:featuredmedia":[{"embeddable":true,"href":"https:\/\/todoapulmon-rafaela.com\/index.php\/wp-json\/wp\/v2\/media\/26490"}],"wp:attachment":[{"href":"https:\/\/todoapulmon-rafaela.com\/index.php\/wp-json\/wp\/v2\/media?parent=26489"}],"wp:term":[{"taxonomy":"category","embeddable":true,"href":"https:\/\/todoapulmon-rafaela.com\/index.php\/wp-json\/wp\/v2\/categories?post=26489"},{"taxonomy":"post_tag","embeddable":true,"href":"https:\/\/todoapulmon-rafaela.com\/index.php\/wp-json\/wp\/v2\/tags?post=26489"}],"curies":[{"name":"wp","href":"https:\/\/api.w.org\/{rel}","templated":true}]}}