{"id":26427,"date":"2021-08-12T22:44:20","date_gmt":"2021-08-12T22:44:20","guid":{"rendered":"https:\/\/todoapulmon-rafaela.com\/?p=26427"},"modified":"2021-08-12T22:44:20","modified_gmt":"2021-08-12T22:44:20","slug":"edicion-especial-este-sabado-de-ciclismo-en-los-barrios","status":"publish","type":"post","link":"https:\/\/todoapulmon-rafaela.com\/index.php\/2021\/08\/12\/edicion-especial-este-sabado-de-ciclismo-en-los-barrios\/","title":{"rendered":"Edici\u00f3n especial este s\u00e1bado de Ciclismo en los Barrios"},"content":{"rendered":"<div>Este fin de semana se desarrollar\u00e1, en el marco del Mes de las Infancias, una nueva edici\u00f3n del programa municipal \u201cCiclismo en los barrios\u201d. Ser\u00e1 el s\u00e1bado 14 de agosto, a partir de las 14:30, en calle Estanislao del Campo y 4 de enero. El encuentro es organizado por la Municipalidad en colaboraci\u00f3n con el Club Ciclista Rafaela.<\/div>\n<div>El evento volver\u00e1 a tener su segunda edici\u00f3n en este 2021, luego de verse postergado producto de la pandemia y la situaci\u00f3n epidemiol\u00f3gica que atraves\u00f3 la ciudad. Se sortear\u00e1 una bicicleta, gentileza del senador Alcides Calvo y los participantes recibir\u00e1n obsequios de Casa Delma.<\/div>\n<div><\/div>\n<div>\u00abLa inscripci\u00f3n se habilitar\u00e1 momentos antes del inicio de cada jornada y participar\u00e1n chicos de entre 5 y 12 a\u00f1os, quienes estar\u00e1n divididos en categor\u00edas\u00bb; explic\u00f3 el subsecretario de Deportes y Recreaci\u00f3n, Ignacio Podio.<\/div>\n<div><\/div>\n<div>\u201cEstamos contentos de poder volver a estas actividades que son tan esperadas, tanto por grandes como por los m\u00e1s chicos. Utilizaremos como escenario el espacio libre para volver a encontrarnos, cumpliendo con todos los protocolos de distanciamiento\u201d; agreg\u00f3.<\/div>\n<div>Finalmente, el subsecretario manifest\u00f3 que \u00aben una gesti\u00f3n conjunta que realizamos con la directora de la Agencia Provincial de Seguridad Vial, Antonela Cerutti, vamos a contar con el &#8216;Circuito de Educaci\u00f3n Vial de la Provincia de Santa Fe&#8217;. La idea es contar con un circuito de educaci\u00f3n vial durante las distintas fechas en las que realicemos &#8216;Ciclismo en los barrios&#8217;. En esa labor educativa tambi\u00e9n tendremos el apoyo de la Direcci\u00f3n de Protecci\u00f3n Vial y Comunitaria de la Municipalidad, con el objetivo de que los chicos y chicas que se acerquen a los lugares en donde se desarrolle cada encuentro, tambi\u00e9n puedan aprender la importancia que representa respetar las se\u00f1ales de tr\u00e1nsito para la seguridad vial de toda la ciudadan\u00eda\u00bb.<\/div>\n","protected":false},"excerpt":{"rendered":"<p>Este fin de semana se desarrollar\u00e1, en el marco del Mes de las Infancias, una nueva edici\u00f3n del programa municipal<\/p>\n","protected":false},"author":2,"featured_media":26428,"comment_status":"open","ping_status":"open","sticky":false,"template":"","format":"standard","meta":{"footnotes":""},"categories":[4,24],"tags":[],"class_list":["post-26427","post","type-post","status-publish","format-standard","has-post-thumbnail","hentry","category-ciclismo","category-noticias-destacadas"],"cc_featured_image_caption":{"caption_text":"","source_text":"","source_url":""},"_links":{"self":[{"href":"https:\/\/todoapulmon-rafaela.com\/index.php\/wp-json\/wp\/v2\/posts\/26427"}],"collection":[{"href":"https:\/\/todoapulmon-rafaela.com\/index.php\/wp-json\/wp\/v2\/posts"}],"about":[{"href":"https:\/\/todoapulmon-rafaela.com\/index.php\/wp-json\/wp\/v2\/types\/post"}],"author":[{"embeddable":true,"href":"https:\/\/todoapulmon-rafaela.com\/index.php\/wp-json\/wp\/v2\/users\/2"}],"replies":[{"embeddable":true,"href":"https:\/\/todoapulmon-rafaela.com\/index.php\/wp-json\/wp\/v2\/comments?post=26427"}],"version-history":[{"count":1,"href":"https:\/\/todoapulmon-rafaela.com\/index.php\/wp-json\/wp\/v2\/posts\/26427\/revisions"}],"predecessor-version":[{"id":26429,"href":"https:\/\/todoapulmon-rafaela.com\/index.php\/wp-json\/wp\/v2\/posts\/26427\/revisions\/26429"}],"wp:featuredmedia":[{"embeddable":true,"href":"https:\/\/todoapulmon-rafaela.com\/index.php\/wp-json\/wp\/v2\/media\/26428"}],"wp:attachment":[{"href":"https:\/\/todoapulmon-rafaela.com\/index.php\/wp-json\/wp\/v2\/media?parent=26427"}],"wp:term":[{"taxonomy":"category","embeddable":true,"href":"https:\/\/todoapulmon-rafaela.com\/index.php\/wp-json\/wp\/v2\/categories?post=26427"},{"taxonomy":"post_tag","embeddable":true,"href":"https:\/\/todoapulmon-rafaela.com\/index.php\/wp-json\/wp\/v2\/tags?post=26427"}],"curies":[{"name":"wp","href":"https:\/\/api.w.org\/{rel}","templated":true}]}}