{"id":26415,"date":"2021-08-12T12:38:25","date_gmt":"2021-08-12T12:38:25","guid":{"rendered":"https:\/\/todoapulmon-rafaela.com\/?p=26415"},"modified":"2021-08-12T12:38:25","modified_gmt":"2021-08-12T12:38:25","slug":"gonzalo-garcia-compartio-entrenamiento-en-ben-hur","status":"publish","type":"post","link":"https:\/\/todoapulmon-rafaela.com\/index.php\/2021\/08\/12\/gonzalo-garcia-compartio-entrenamiento-en-ben-hur\/","title":{"rendered":"Gonzalo Garc\u00eda comparti\u00f3 entrenamiento en Ben Hur"},"content":{"rendered":"<p>En la jornada del mi\u00e9rcoles, bajo los protocolos sanitarios correspondientes, Ben Hur realiz\u00f3 una jornada de entrenamientos con Gonzalo Garc\u00eda. La actividad tuvo lugar en el Estadio \u201cColiseo de Sur\u201d, donde el entrenador pudo llevar adelante diferentes charlas y trabajos de campo con los chicos que forman parte de las categor\u00edas U13, U15, U17 y U19. Como cierre de la jornada, form\u00f3 parte de la pr\u00e1ctica que llev\u00f3 adelante el equipo superior que se prepara para regreso de la competencia local.<\/p>\n<p>Recordemos que Gonzalo Garc\u00eda, radicado en nuestra ciudad, se apresta a dirigir por segunda temporada consecutiva a Boca Juniors en la Liga Nacional. Es uno de los entrenadores m\u00e1s exitosos de los \u00faltimos a\u00f1os en el b\u00e1squet argentino, ya que\u00a0\u00a0logr\u00f3 con San Lorenzo los t\u00edtulos de la LNB 2017-18 y 2018-19, y la Liga de las Am\u00e9ricas 2018 y 2019.<\/p>\n","protected":false},"excerpt":{"rendered":"<p>En la jornada del mi\u00e9rcoles, bajo los protocolos sanitarios correspondientes, Ben Hur realiz\u00f3 una jornada de entrenamientos con Gonzalo Garc\u00eda.<\/p>\n","protected":false},"author":2,"featured_media":26416,"comment_status":"open","ping_status":"open","sticky":false,"template":"","format":"standard","meta":{"footnotes":""},"categories":[5],"tags":[],"class_list":["post-26415","post","type-post","status-publish","format-standard","has-post-thumbnail","hentry","category-basquet"],"cc_featured_image_caption":{"caption_text":"Momentos del lindo momento para los chicos junto al laureado entrenador (foto prensa Ben Hur).","source_text":"","source_url":""},"_links":{"self":[{"href":"https:\/\/todoapulmon-rafaela.com\/index.php\/wp-json\/wp\/v2\/posts\/26415"}],"collection":[{"href":"https:\/\/todoapulmon-rafaela.com\/index.php\/wp-json\/wp\/v2\/posts"}],"about":[{"href":"https:\/\/todoapulmon-rafaela.com\/index.php\/wp-json\/wp\/v2\/types\/post"}],"author":[{"embeddable":true,"href":"https:\/\/todoapulmon-rafaela.com\/index.php\/wp-json\/wp\/v2\/users\/2"}],"replies":[{"embeddable":true,"href":"https:\/\/todoapulmon-rafaela.com\/index.php\/wp-json\/wp\/v2\/comments?post=26415"}],"version-history":[{"count":1,"href":"https:\/\/todoapulmon-rafaela.com\/index.php\/wp-json\/wp\/v2\/posts\/26415\/revisions"}],"predecessor-version":[{"id":26417,"href":"https:\/\/todoapulmon-rafaela.com\/index.php\/wp-json\/wp\/v2\/posts\/26415\/revisions\/26417"}],"wp:featuredmedia":[{"embeddable":true,"href":"https:\/\/todoapulmon-rafaela.com\/index.php\/wp-json\/wp\/v2\/media\/26416"}],"wp:attachment":[{"href":"https:\/\/todoapulmon-rafaela.com\/index.php\/wp-json\/wp\/v2\/media?parent=26415"}],"wp:term":[{"taxonomy":"category","embeddable":true,"href":"https:\/\/todoapulmon-rafaela.com\/index.php\/wp-json\/wp\/v2\/categories?post=26415"},{"taxonomy":"post_tag","embeddable":true,"href":"https:\/\/todoapulmon-rafaela.com\/index.php\/wp-json\/wp\/v2\/tags?post=26415"}],"curies":[{"name":"wp","href":"https:\/\/api.w.org\/{rel}","templated":true}]}}