{"id":26388,"date":"2021-08-09T21:56:35","date_gmt":"2021-08-09T21:56:35","guid":{"rendered":"https:\/\/todoapulmon-rafaela.com\/?p=26388"},"modified":"2021-08-09T21:56:35","modified_gmt":"2021-08-09T21:56:35","slug":"pedro-emmert-gano-en-400-metros-con-su-mejor-marca-personal","status":"publish","type":"post","link":"https:\/\/todoapulmon-rafaela.com\/index.php\/2021\/08\/09\/pedro-emmert-gano-en-400-metros-con-su-mejor-marca-personal\/","title":{"rendered":"Pedro Emmert gan\u00f3 en 400 metros con su mejor marca personal"},"content":{"rendered":"<p>El s\u00e1bado 7 de agosto se realiz\u00f3 en el Parque Ol\u00edmpico, en Buenos Aires, el torneo de Invierno de la Federaci\u00f3n Atl\u00e9tica Metropolitana. All\u00ed tuvo una muy buena performance el rafaelino Pedro Emmert, vencedor de la prueba de 400 metros llanos.<\/p>\n<p>El representante del Club Quir\u00f3n de Buenos Aires logr\u00f3, adem\u00e1s, establecer su mejor marca personal. En esta oportunidad consigui\u00f3 un tiempo de 47s99\/100, bajando en 26 cent\u00e9simas el registro anterior que era de 48s25 de fines de 2020. Estas fueron las principales posiciones:<\/p>\n<table class=\"table\">\n<thead>\n<tr>\n<th>POSICI\u00d3N<\/th>\n<th>ATLETA<\/th>\n<th><\/th>\n<th>CATEG<\/th>\n<th>CLUB<\/th>\n<th>MARCA<\/th>\n<th>VIENTO<\/th>\n<\/tr>\n<\/thead>\n<tbody>\n<tr class=\"sombra\">\n<td>1<\/td>\n<td>PEDRO EMMERT<\/td>\n<td><\/td>\n<td>U20<\/td>\n<td class=\"gris\">QUIRO<\/td>\n<td>47.99<\/td>\n<td>_<\/td>\n<\/tr>\n<tr class=\"\">\n<td>2<\/td>\n<td>MATIAS FALCHETTI<\/td>\n<td><\/td>\n<td>U23<\/td>\n<td class=\"gris\">FCMAX<\/td>\n<td>49.23<\/td>\n<td>_<\/td>\n<\/tr>\n<tr class=\"sombra\">\n<td>3<\/td>\n<td>JULIAN PEREYRA<\/td>\n<td><\/td>\n<td>U23<\/td>\n<td class=\"gris\">CASLA<\/td>\n<td>50.01<\/td>\n<td>_<\/td>\n<\/tr>\n<tr class=\"\">\n<td>4<\/td>\n<td>JUAN CAMERA<\/td>\n<td><\/td>\n<td>MAYORES<\/td>\n<td class=\"gris\">AAPCH<\/td>\n<td>50.12<\/td>\n<td>_<\/td>\n<\/tr>\n<tr class=\"sombra\">\n<td>5<\/td>\n<td>FEDERICO HILCHENBACH<\/td>\n<td><\/td>\n<td>U23<\/td>\n<td class=\"gris\">CARP<\/td>\n<td>50.51<\/td>\n<td>_<\/td>\n<\/tr>\n<tr class=\"\">\n<td>6<\/td>\n<td>SERGIO PEREYRA<\/td>\n<td><\/td>\n<td>MAYORES<\/td>\n<td class=\"gris\">CASLA<\/td>\n<td>51.02<\/td>\n<\/tr>\n<\/tbody>\n<\/table>\n<p>Con esta marca, Emmert (19 a\u00f1os) queda primero del ranking argentino 2021 U20, y segundo en el ranking nacional de este a\u00f1o en la distancia, detr\u00e1s de Elian Larregina (21). Recordemos que el bonaerense consigui\u00f3 bajar su propio r\u00e9cord argentino de los 400 metros en el Grand Prix de Concepci\u00f3n del Uruguay, el 27 de marzo estableciendo 45s87.<\/p>\n<p>Emmert ven\u00eda afianzando su preparaci\u00f3n en los 800 metros en los \u00faltimos meses, prueba que lo tuvo como medalla plateada en el Sudamericano U20, pero con esta labor certifica su muy buen nivel en los 400.<\/p>\n","protected":false},"excerpt":{"rendered":"<p>El s\u00e1bado 7 de agosto se realiz\u00f3 en el Parque Ol\u00edmpico, en Buenos Aires, el torneo de Invierno de la<\/p>\n","protected":false},"author":2,"featured_media":26389,"comment_status":"open","ping_status":"open","sticky":false,"template":"","format":"standard","meta":{"footnotes":""},"categories":[7,24],"tags":[],"class_list":["post-26388","post","type-post","status-publish","format-standard","has-post-thumbnail","hentry","category-atletismo","category-noticias-destacadas"],"cc_featured_image_caption":{"caption_text":"","source_text":"","source_url":""},"_links":{"self":[{"href":"https:\/\/todoapulmon-rafaela.com\/index.php\/wp-json\/wp\/v2\/posts\/26388"}],"collection":[{"href":"https:\/\/todoapulmon-rafaela.com\/index.php\/wp-json\/wp\/v2\/posts"}],"about":[{"href":"https:\/\/todoapulmon-rafaela.com\/index.php\/wp-json\/wp\/v2\/types\/post"}],"author":[{"embeddable":true,"href":"https:\/\/todoapulmon-rafaela.com\/index.php\/wp-json\/wp\/v2\/users\/2"}],"replies":[{"embeddable":true,"href":"https:\/\/todoapulmon-rafaela.com\/index.php\/wp-json\/wp\/v2\/comments?post=26388"}],"version-history":[{"count":1,"href":"https:\/\/todoapulmon-rafaela.com\/index.php\/wp-json\/wp\/v2\/posts\/26388\/revisions"}],"predecessor-version":[{"id":26390,"href":"https:\/\/todoapulmon-rafaela.com\/index.php\/wp-json\/wp\/v2\/posts\/26388\/revisions\/26390"}],"wp:featuredmedia":[{"embeddable":true,"href":"https:\/\/todoapulmon-rafaela.com\/index.php\/wp-json\/wp\/v2\/media\/26389"}],"wp:attachment":[{"href":"https:\/\/todoapulmon-rafaela.com\/index.php\/wp-json\/wp\/v2\/media?parent=26388"}],"wp:term":[{"taxonomy":"category","embeddable":true,"href":"https:\/\/todoapulmon-rafaela.com\/index.php\/wp-json\/wp\/v2\/categories?post=26388"},{"taxonomy":"post_tag","embeddable":true,"href":"https:\/\/todoapulmon-rafaela.com\/index.php\/wp-json\/wp\/v2\/tags?post=26388"}],"curies":[{"name":"wp","href":"https:\/\/api.w.org\/{rel}","templated":true}]}}