{"id":26385,"date":"2021-08-09T18:05:57","date_gmt":"2021-08-09T18:05:57","guid":{"rendered":"https:\/\/todoapulmon-rafaela.com\/?p=26385"},"modified":"2021-08-09T18:05:57","modified_gmt":"2021-08-09T18:05:57","slug":"mondino-viaja-al-mundial-de-atletismo-u20","status":"publish","type":"post","link":"https:\/\/todoapulmon-rafaela.com\/index.php\/2021\/08\/09\/mondino-viaja-al-mundial-de-atletismo-u20\/","title":{"rendered":"Mondino viaja al Mundial de Atletismo U20"},"content":{"rendered":"<p>Este martes martes 10 de agosto estar\u00e1 viajando el rafaelino Tom\u00e1s Mondino y otros cuatro atletas que representar\u00e1n a nuestro pa\u00eds en el Mundial de Atletismo U20, a realizarse en Nairobi (Kenia) entre el 17 y 22 de agosto. El seleccionado partir\u00e1 desde Ezeiza hacia Estambul (donde estar\u00e1n un d\u00eda alojados), para luego desde Turqu\u00eda realizar el \u00faltimo tramo al pa\u00eds africano.<br \/>\nMondino viaj\u00f3 el domingo junto a su padre Ceferino a Buenos Aires, y ya se realizaron los respectivos hisopados junto a tr\u00e1mites administrativos previos.<br \/>\nEL EQUIPO<br \/>\nDylan Van der Hock (19 a\u00f1os, de Concordia) especialista en 3000 metros con obst\u00e1culos.<br \/>\nSebasti\u00e1n Tommasi (19 a\u00f1os, de Concepci\u00f3n del Uruguay), lanzador de martillo.<br \/>\nTom\u00e1s Mondino (16 a\u00f1os, de Rafaela) y Bautista Diamante (18 a\u00f1os, de Villa Ballester), 100 y 200 metros llanos.<br \/>\nLuciana G\u00f3mez Iriondo (17 a\u00f1os, de Santa Fe), salto con garrocha.<\/p>\n<p>Consultado Ceferino por c\u00f3mo llega Tomy a esta gran cita mundialista, mencion\u00f3 que \u00abest\u00e1 muy bien, en estas dos \u00faltimas semanas de trabajo se entren\u00f3 fuerte en Rafaela. Estuvo haciendo bastante calor y ahora en Buenos Aires hace mucho fr\u00edo, pero estamos con muchas expectativas e ilusiones\u00bb.<\/p>\n","protected":false},"excerpt":{"rendered":"<p>Este martes martes 10 de agosto estar\u00e1 viajando el rafaelino Tom\u00e1s Mondino y otros cuatro atletas que representar\u00e1n a nuestro<\/p>\n","protected":false},"author":2,"featured_media":26386,"comment_status":"open","ping_status":"open","sticky":false,"template":"","format":"standard","meta":{"footnotes":""},"categories":[7,24],"tags":[],"class_list":["post-26385","post","type-post","status-publish","format-standard","has-post-thumbnail","hentry","category-atletismo","category-noticias-destacadas"],"cc_featured_image_caption":{"caption_text":"","source_text":"","source_url":""},"_links":{"self":[{"href":"https:\/\/todoapulmon-rafaela.com\/index.php\/wp-json\/wp\/v2\/posts\/26385"}],"collection":[{"href":"https:\/\/todoapulmon-rafaela.com\/index.php\/wp-json\/wp\/v2\/posts"}],"about":[{"href":"https:\/\/todoapulmon-rafaela.com\/index.php\/wp-json\/wp\/v2\/types\/post"}],"author":[{"embeddable":true,"href":"https:\/\/todoapulmon-rafaela.com\/index.php\/wp-json\/wp\/v2\/users\/2"}],"replies":[{"embeddable":true,"href":"https:\/\/todoapulmon-rafaela.com\/index.php\/wp-json\/wp\/v2\/comments?post=26385"}],"version-history":[{"count":1,"href":"https:\/\/todoapulmon-rafaela.com\/index.php\/wp-json\/wp\/v2\/posts\/26385\/revisions"}],"predecessor-version":[{"id":26387,"href":"https:\/\/todoapulmon-rafaela.com\/index.php\/wp-json\/wp\/v2\/posts\/26385\/revisions\/26387"}],"wp:featuredmedia":[{"embeddable":true,"href":"https:\/\/todoapulmon-rafaela.com\/index.php\/wp-json\/wp\/v2\/media\/26386"}],"wp:attachment":[{"href":"https:\/\/todoapulmon-rafaela.com\/index.php\/wp-json\/wp\/v2\/media?parent=26385"}],"wp:term":[{"taxonomy":"category","embeddable":true,"href":"https:\/\/todoapulmon-rafaela.com\/index.php\/wp-json\/wp\/v2\/categories?post=26385"},{"taxonomy":"post_tag","embeddable":true,"href":"https:\/\/todoapulmon-rafaela.com\/index.php\/wp-json\/wp\/v2\/tags?post=26385"}],"curies":[{"name":"wp","href":"https:\/\/api.w.org\/{rel}","templated":true}]}}