{"id":26280,"date":"2021-08-02T22:50:48","date_gmt":"2021-08-02T22:50:48","guid":{"rendered":"https:\/\/todoapulmon-rafaela.com\/?p=26280"},"modified":"2021-08-02T22:50:48","modified_gmt":"2021-08-02T22:50:48","slug":"vuelve-natacion-para-adultos-mayores","status":"publish","type":"post","link":"https:\/\/todoapulmon-rafaela.com\/index.php\/2021\/08\/02\/vuelve-natacion-para-adultos-mayores\/","title":{"rendered":"Vuelve Nataci\u00f3n para Adultos Mayores"},"content":{"rendered":"<div id=\"m_-12876570246407907894620ecdf-7bf8-4efa-b8cf-29d5bcf4d840\">A partir de la habilitaci\u00f3n, desde el municipio, se retoma la posibilidad de volver a poner en marcha el programa de \u201cNataci\u00f3n para adultos mayores\u201d.<\/div>\n<div id=\"m_-12876570246407907894620ecdf-7bf8-4efa-b8cf-29d5bcf4d840\"><\/div>\n<div id=\"m_-12876570246407907894620ecdf-7bf8-4efa-b8cf-29d5bcf4d840\">Al respecto, Ignacio Podio dijo que \u00abcon todos los protocolos necesarios, pudimos retomar este programa que hace m\u00e1s de 20 a\u00f1os que venimos llevando adelante\u00bb.<\/div>\n<div id=\"m_-12876570246407907894620ecdf-7bf8-4efa-b8cf-29d5bcf4d840\"><\/div>\n<div id=\"m_-12876570246407907894620ecdf-7bf8-4efa-b8cf-29d5bcf4d840\">\u201cEs una actividad muy esperada por los adultos mayores, al igual que la gimnasia, ya que no se trata solamente de una actividad recreativa sino tambi\u00e9n relacionada a la salud porque los asistentes que lo necesitan realizan rehabilitaciones\u00bb; mencion\u00f3 el Subsecretario de Deportes.<\/div>\n<div id=\"m_-12876570246407907894620ecdf-7bf8-4efa-b8cf-29d5bcf4d840\"><\/div>\n<div id=\"m_-12876570246407907894620ecdf-7bf8-4efa-b8cf-29d5bcf4d840\"><strong>Lugares y horarios<\/strong><\/div>\n<div id=\"m_-12876570246407907894620ecdf-7bf8-4efa-b8cf-29d5bcf4d840\">Los natatorios coordinaron d\u00edas y horarios para el desarrollo de las actividades en sus respectivas piletas, de tal manera que se puedan realizar aplicando todos los cuidados para nuestros adultos mayores. En la Pileta \u00abAmancay\u00bb, ubicada en Domingo Matheu 1347, las clases se dictar\u00e1n los martes y jueves por la ma\u00f1ana. Los interesados podr\u00e1n comunicarse al celular 15 30 24 23 o al fijo 423308.<\/div>\n<div id=\"m_-12876570246407907894620ecdf-7bf8-4efa-b8cf-29d5bcf4d840\"><\/div>\n<div id=\"m_-12876570246407907894620ecdf-7bf8-4efa-b8cf-29d5bcf4d840\">En la Pileta \u201cComplejo Yoga Club\u201d, que se encuentra en Ernerto Salva 140, las clases se dictar\u00e1n los d\u00edas lunes y jueves. Para consultas, comunicarse con el celular 15 66 20 19.<\/div>\n<div id=\"m_-12876570246407907894620ecdf-7bf8-4efa-b8cf-29d5bcf4d840\"><\/div>\n<div id=\"m_-12876570246407907894620ecdf-7bf8-4efa-b8cf-29d5bcf4d840\">\u00abNataci\u00f3n para adultos mayores\u00bb es uno de los programas que la Municipalidad, a trav\u00e9s de la Subsecretar\u00eda de Deportes y Recreaci\u00f3n, sostiene desde hace m\u00e1s de 20 a\u00f1os con el objetivo de generar un espacio saludable y de socializaci\u00f3n mediante la pr\u00e1ctica del deporte y la recreaci\u00f3n.<\/div>\n","protected":false},"excerpt":{"rendered":"<p>A partir de la habilitaci\u00f3n, desde el municipio, se retoma la posibilidad de volver a poner en marcha el programa<\/p>\n","protected":false},"author":2,"featured_media":26281,"comment_status":"open","ping_status":"open","sticky":false,"template":"","format":"standard","meta":{"footnotes":""},"categories":[26],"tags":[],"class_list":["post-26280","post","type-post","status-publish","format-standard","has-post-thumbnail","hentry","category-natacion"],"cc_featured_image_caption":{"caption_text":"Foto prensa Municipalidad","source_text":"","source_url":""},"_links":{"self":[{"href":"https:\/\/todoapulmon-rafaela.com\/index.php\/wp-json\/wp\/v2\/posts\/26280"}],"collection":[{"href":"https:\/\/todoapulmon-rafaela.com\/index.php\/wp-json\/wp\/v2\/posts"}],"about":[{"href":"https:\/\/todoapulmon-rafaela.com\/index.php\/wp-json\/wp\/v2\/types\/post"}],"author":[{"embeddable":true,"href":"https:\/\/todoapulmon-rafaela.com\/index.php\/wp-json\/wp\/v2\/users\/2"}],"replies":[{"embeddable":true,"href":"https:\/\/todoapulmon-rafaela.com\/index.php\/wp-json\/wp\/v2\/comments?post=26280"}],"version-history":[{"count":1,"href":"https:\/\/todoapulmon-rafaela.com\/index.php\/wp-json\/wp\/v2\/posts\/26280\/revisions"}],"predecessor-version":[{"id":26282,"href":"https:\/\/todoapulmon-rafaela.com\/index.php\/wp-json\/wp\/v2\/posts\/26280\/revisions\/26282"}],"wp:featuredmedia":[{"embeddable":true,"href":"https:\/\/todoapulmon-rafaela.com\/index.php\/wp-json\/wp\/v2\/media\/26281"}],"wp:attachment":[{"href":"https:\/\/todoapulmon-rafaela.com\/index.php\/wp-json\/wp\/v2\/media?parent=26280"}],"wp:term":[{"taxonomy":"category","embeddable":true,"href":"https:\/\/todoapulmon-rafaela.com\/index.php\/wp-json\/wp\/v2\/categories?post=26280"},{"taxonomy":"post_tag","embeddable":true,"href":"https:\/\/todoapulmon-rafaela.com\/index.php\/wp-json\/wp\/v2\/tags?post=26280"}],"curies":[{"name":"wp","href":"https:\/\/api.w.org\/{rel}","templated":true}]}}