{"id":26271,"date":"2021-08-02T12:45:36","date_gmt":"2021-08-02T12:45:36","guid":{"rendered":"https:\/\/todoapulmon-rafaela.com\/?p=26271"},"modified":"2021-08-02T13:02:29","modified_gmt":"2021-08-02T13:02:29","slug":"diego-balari-en-la-gira-europea-americana","status":"publish","type":"post","link":"https:\/\/todoapulmon-rafaela.com\/index.php\/2021\/08\/02\/diego-balari-en-la-gira-europea-americana\/","title":{"rendered":"Diego Balari en la gira Europea-Americana"},"content":{"rendered":"<p>Buenas noticias recibi\u00f3 en estos \u00faltimos d\u00edas el rafaelino Diego Balari. Junto a su compa\u00f1ero Sebasti\u00e1n Canello, de Porte\u00f1a, fueron convocados por la Asociaci\u00f3n Argentina de P\u00e1del para integrar la delegaci\u00f3n nacional que participar\u00e1 de torneos en Europa, previos al Mundial de Las Vegas.<\/p>\n<p>La designaci\u00f3n fue por lo realizado en la ciudad de C\u00f3rdoba (quedaron entre los cuatro mejores del Selectivo en la categor\u00eda +35)\u00a0 y en base a su reconocida trayectoria como jugador de p\u00e1del se adjudic\u00f3 el derecho de participar en el Circuito Internacional Senior Padel Tour en todas sus fechas, junto a otros jugadores argentinos.<\/p>\n<p>La Gira Europeo-Americana consta de las siguientes etapas:<\/p>\n<p><strong>Padeldome, Viena (Austria):<\/strong> 2 al 5 de septiembre.<\/p>\n<p><strong>Cupra Padel Bari, Bari (Italia):<\/strong> 9 al 12 de septiembre.<\/p>\n<p><strong>Padel Calella, Barcelona (Espa\u00f1a):<\/strong> 19 al 22 de septiembre.<\/p>\n<p><strong>Sporting<\/strong> <strong>Life, Treviso (Italia):<\/strong> 23 al 26 de septiembre.<\/p>\n<p><strong>Casa Padel, Par\u00eds:<\/strong> a confirmar.<\/p>\n<p><strong>RRA Padel, Las Vegas (EE.UU.):<\/strong> 17 al 23 de octubre.<\/p>\n","protected":false},"excerpt":{"rendered":"<p>Buenas noticias recibi\u00f3 en estos \u00faltimos d\u00edas el rafaelino Diego Balari. Junto a su compa\u00f1ero Sebasti\u00e1n Canello, de Porte\u00f1a, fueron<\/p>\n","protected":false},"author":2,"featured_media":26274,"comment_status":"open","ping_status":"open","sticky":false,"template":"","format":"standard","meta":{"footnotes":""},"categories":[24],"tags":[],"class_list":["post-26271","post","type-post","status-publish","format-standard","has-post-thumbnail","hentry","category-noticias-destacadas"],"cc_featured_image_caption":{"caption_text":"La pareja Balari-Canello tuvo una gran satisfacci\u00f3n con la convocatoria.","source_text":"","source_url":""},"_links":{"self":[{"href":"https:\/\/todoapulmon-rafaela.com\/index.php\/wp-json\/wp\/v2\/posts\/26271"}],"collection":[{"href":"https:\/\/todoapulmon-rafaela.com\/index.php\/wp-json\/wp\/v2\/posts"}],"about":[{"href":"https:\/\/todoapulmon-rafaela.com\/index.php\/wp-json\/wp\/v2\/types\/post"}],"author":[{"embeddable":true,"href":"https:\/\/todoapulmon-rafaela.com\/index.php\/wp-json\/wp\/v2\/users\/2"}],"replies":[{"embeddable":true,"href":"https:\/\/todoapulmon-rafaela.com\/index.php\/wp-json\/wp\/v2\/comments?post=26271"}],"version-history":[{"count":1,"href":"https:\/\/todoapulmon-rafaela.com\/index.php\/wp-json\/wp\/v2\/posts\/26271\/revisions"}],"predecessor-version":[{"id":26273,"href":"https:\/\/todoapulmon-rafaela.com\/index.php\/wp-json\/wp\/v2\/posts\/26271\/revisions\/26273"}],"wp:featuredmedia":[{"embeddable":true,"href":"https:\/\/todoapulmon-rafaela.com\/index.php\/wp-json\/wp\/v2\/media\/26274"}],"wp:attachment":[{"href":"https:\/\/todoapulmon-rafaela.com\/index.php\/wp-json\/wp\/v2\/media?parent=26271"}],"wp:term":[{"taxonomy":"category","embeddable":true,"href":"https:\/\/todoapulmon-rafaela.com\/index.php\/wp-json\/wp\/v2\/categories?post=26271"},{"taxonomy":"post_tag","embeddable":true,"href":"https:\/\/todoapulmon-rafaela.com\/index.php\/wp-json\/wp\/v2\/tags?post=26271"}],"curies":[{"name":"wp","href":"https:\/\/api.w.org\/{rel}","templated":true}]}}