{"id":26237,"date":"2021-08-01T13:51:39","date_gmt":"2021-08-01T13:51:39","guid":{"rendered":"https:\/\/todoapulmon-rafaela.com\/?p=26237"},"modified":"2021-08-01T13:51:39","modified_gmt":"2021-08-01T13:51:39","slug":"el-capitan-de-los-leones-anuncio-su-retiro-tras-la-eliminacion-en-tokio","status":"publish","type":"post","link":"https:\/\/todoapulmon-rafaela.com\/index.php\/2021\/08\/01\/el-capitan-de-los-leones-anuncio-su-retiro-tras-la-eliminacion-en-tokio\/","title":{"rendered":"El capit\u00e1n de Los Leones anunci\u00f3 su retiro tras la eliminaci\u00f3n en Tokio"},"content":{"rendered":"<p>El defensor Pedro Ibarra, de 35 a\u00f1os, anunci\u00f3 hoy su retiro del seleccionado argentino masculino de hockey sobre c\u00e9sped, despu\u00e9s de la derrota con Alemania (1-3) en los cuartos de final de los Juegos Ol\u00edmpicos Tokio 2020.<\/p>\n<p>Ibarra cerr\u00f3 de esta manera una carrera de 17 a\u00f1os con la camiseta \u00abalbiceleste\u00bb, que defendi\u00f3 m\u00e1s de 300 veces de forma internacional y que tuvo un momento cumbre con la conquista de la medalla de oro en los Juegos Ol\u00edmpicos R\u00edo de Janeiro 2016.<\/p>\n<p>El emblema de Los Leones recibi\u00f3 el abrazo de sus compa\u00f1eros y el saludo de sus rivales al t\u00e9rmino del partido con Alemania y luego confirm\u00f3 la noticia en di\u00e1logo con TyC Sports: \u00abNo tengo mucho m\u00e1s para dar, di todo lo que ten\u00eda\u00bb.<\/p>\n<p>\u00abEs dif\u00edcil retirarse de la Selecci\u00f3n, muchas veces uno no lo elige y sucede porque no lo vuelven a llamar. Yo tuve esa posibilidad y me voy muy orgulloso. Me llevo el abrazo y el agradecimiento de todos\u00bb, dijo con emoci\u00f3n.<\/p>\n<p>\u00abLo voy a extra\u00f1ar -acept\u00f3-. Sab\u00eda que Tokio marcar\u00eda el final. Fue un a\u00f1o m\u00e1s, nos cont\u00f3 un mont\u00f3n pero llegamos y estuvimos a la altura. El equipo se va mas unido que cuando lleg\u00f3\u00bb.<\/p>\n<p>Ibarra explic\u00f3 que el retiro fue \u00abuna decisi\u00f3n en familia\u00bb, la que posterg\u00f3 por sus compromisos ol\u00edmpicos con el seleccionado. \u00abNo veo a mi mujer y mis hijos hace mucho tiempo simplemente por el sue\u00f1o de estar ac\u00e1\u00bb, cont\u00f3.<\/p>\n<p>\u00abDio todo hasta el final, me voy con la cabeza bien alta\u00bb, afirm\u00f3 el defensor al cerrar su tercera experiencia ol\u00edmpica.<\/p>\n<p>Con Los Leones, Ibarra fue d\u00e9cimo en Londres 2012, campe\u00f3n en R\u00edo 2016 y se asegur\u00f3 un diploma en Tokio.<\/p>\n<p>A nivel panamericano obtuvo la medalla de plata en R\u00edo 2007 y la de oro en Guadalajara 2011, Toronto 2015 y Lima 2019. Tambi\u00e9n se coron\u00f3 campe\u00f3n mundial juvenil en Rotterdam 2005 y se colg\u00f3 la presea de bronce en el Mundial de La Haya en 2014.<\/p>\n","protected":false},"excerpt":{"rendered":"<p>El defensor Pedro Ibarra, de 35 a\u00f1os, anunci\u00f3 hoy su retiro del seleccionado argentino masculino de hockey sobre c\u00e9sped, despu\u00e9s<\/p>\n","protected":false},"author":2,"featured_media":26238,"comment_status":"open","ping_status":"open","sticky":false,"template":"","format":"standard","meta":{"footnotes":""},"categories":[3],"tags":[],"class_list":["post-26237","post","type-post","status-publish","format-standard","has-post-thumbnail","hentry","category-hockey"],"cc_featured_image_caption":{"caption_text":"Pedro Ibarra, uno de los hist\u00f3ricos del seleccionado que tantas alegr\u00edas le dio al seleccionado.","source_text":"","source_url":""},"_links":{"self":[{"href":"https:\/\/todoapulmon-rafaela.com\/index.php\/wp-json\/wp\/v2\/posts\/26237"}],"collection":[{"href":"https:\/\/todoapulmon-rafaela.com\/index.php\/wp-json\/wp\/v2\/posts"}],"about":[{"href":"https:\/\/todoapulmon-rafaela.com\/index.php\/wp-json\/wp\/v2\/types\/post"}],"author":[{"embeddable":true,"href":"https:\/\/todoapulmon-rafaela.com\/index.php\/wp-json\/wp\/v2\/users\/2"}],"replies":[{"embeddable":true,"href":"https:\/\/todoapulmon-rafaela.com\/index.php\/wp-json\/wp\/v2\/comments?post=26237"}],"version-history":[{"count":1,"href":"https:\/\/todoapulmon-rafaela.com\/index.php\/wp-json\/wp\/v2\/posts\/26237\/revisions"}],"predecessor-version":[{"id":26239,"href":"https:\/\/todoapulmon-rafaela.com\/index.php\/wp-json\/wp\/v2\/posts\/26237\/revisions\/26239"}],"wp:featuredmedia":[{"embeddable":true,"href":"https:\/\/todoapulmon-rafaela.com\/index.php\/wp-json\/wp\/v2\/media\/26238"}],"wp:attachment":[{"href":"https:\/\/todoapulmon-rafaela.com\/index.php\/wp-json\/wp\/v2\/media?parent=26237"}],"wp:term":[{"taxonomy":"category","embeddable":true,"href":"https:\/\/todoapulmon-rafaela.com\/index.php\/wp-json\/wp\/v2\/categories?post=26237"},{"taxonomy":"post_tag","embeddable":true,"href":"https:\/\/todoapulmon-rafaela.com\/index.php\/wp-json\/wp\/v2\/tags?post=26237"}],"curies":[{"name":"wp","href":"https:\/\/api.w.org\/{rel}","templated":true}]}}