{"id":26203,"date":"2021-07-30T00:25:21","date_gmt":"2021-07-30T00:25:21","guid":{"rendered":"https:\/\/todoapulmon-rafaela.com\/?p=26203"},"modified":"2021-07-30T00:25:21","modified_gmt":"2021-07-30T00:25:21","slug":"florencia-molinero-apuntara-al-desarrollo-deportivo-infraestructura-y-capacitacion","status":"publish","type":"post","link":"https:\/\/todoapulmon-rafaela.com\/index.php\/2021\/07\/30\/florencia-molinero-apuntara-al-desarrollo-deportivo-infraestructura-y-capacitacion\/","title":{"rendered":"Florencia Molinero apuntar\u00e1 al desarrollo deportivo, infraestructura y capacitaci\u00f3n"},"content":{"rendered":"<p>\u00abLa verdad muy contenta, si bien es una gran responsabilidad, pero estoy feliz que tanto el Gobernador como el Ministro hayan pensado en mi para ocupar este cargo. Y despu\u00e9s, estamos arrancando, armando el equipo de trabajo, nos estamos interiorizando de un mont\u00f3n de cosas para cumplir con los objetivos hasta el final del a\u00f1o, como asi tambi\u00e9n para 2022\u00bb, expres\u00f3 a esta web Florencia Molinero, recientemente designada Secretaria de Deportes de la Provincia.<\/p>\n<p>Como ejes centrales en sus objetivos de gesti\u00f3n, mencion\u00f3 que \u00abme parece que es muy importante la infraestructura. Son tres cosas fundamentales, desarrollo deportivo, infraestructura y capacitaci\u00f3n, que van de la mano para hacer crecer el deporte y generar una buena din\u00e1mica en eso\u00bb.<\/p>\n<p>Escuch\u00e1 la nota aqu\u00ed:<\/p>\n<div style=\"width: 640px;\" class=\"wp-video\"><!--[if lt IE 9]><script>document.createElement('video');<\/script><![endif]-->\n<video class=\"wp-video-shortcode\" id=\"video-26203-1\" width=\"640\" height=\"360\" preload=\"metadata\" controls=\"controls\"><source type=\"video\/mp4\" src=\"https:\/\/todoapulmon-rafaela.com\/wp-content\/uploads\/2021\/07\/Audio-Florencia-Molinero.mp4?_=1\" \/><a href=\"https:\/\/todoapulmon-rafaela.com\/wp-content\/uploads\/2021\/07\/Audio-Florencia-Molinero.mp4\">https:\/\/todoapulmon-rafaela.com\/wp-content\/uploads\/2021\/07\/Audio-Florencia-Molinero.mp4<\/a><\/video><\/div>\n<p>&nbsp;<\/p>\n","protected":false},"excerpt":{"rendered":"<p>\u00abLa verdad muy contenta, si bien es una gran responsabilidad, pero estoy feliz que tanto el Gobernador como el Ministro<\/p>\n","protected":false},"author":2,"featured_media":26204,"comment_status":"open","ping_status":"open","sticky":false,"template":"","format":"standard","meta":{"footnotes":""},"categories":[24],"tags":[],"class_list":["post-26203","post","type-post","status-publish","format-standard","has-post-thumbnail","hentry","category-noticias-destacadas"],"cc_featured_image_caption":{"caption_text":"","source_text":"","source_url":""},"_links":{"self":[{"href":"https:\/\/todoapulmon-rafaela.com\/index.php\/wp-json\/wp\/v2\/posts\/26203"}],"collection":[{"href":"https:\/\/todoapulmon-rafaela.com\/index.php\/wp-json\/wp\/v2\/posts"}],"about":[{"href":"https:\/\/todoapulmon-rafaela.com\/index.php\/wp-json\/wp\/v2\/types\/post"}],"author":[{"embeddable":true,"href":"https:\/\/todoapulmon-rafaela.com\/index.php\/wp-json\/wp\/v2\/users\/2"}],"replies":[{"embeddable":true,"href":"https:\/\/todoapulmon-rafaela.com\/index.php\/wp-json\/wp\/v2\/comments?post=26203"}],"version-history":[{"count":2,"href":"https:\/\/todoapulmon-rafaela.com\/index.php\/wp-json\/wp\/v2\/posts\/26203\/revisions"}],"predecessor-version":[{"id":26207,"href":"https:\/\/todoapulmon-rafaela.com\/index.php\/wp-json\/wp\/v2\/posts\/26203\/revisions\/26207"}],"wp:featuredmedia":[{"embeddable":true,"href":"https:\/\/todoapulmon-rafaela.com\/index.php\/wp-json\/wp\/v2\/media\/26204"}],"wp:attachment":[{"href":"https:\/\/todoapulmon-rafaela.com\/index.php\/wp-json\/wp\/v2\/media?parent=26203"}],"wp:term":[{"taxonomy":"category","embeddable":true,"href":"https:\/\/todoapulmon-rafaela.com\/index.php\/wp-json\/wp\/v2\/categories?post=26203"},{"taxonomy":"post_tag","embeddable":true,"href":"https:\/\/todoapulmon-rafaela.com\/index.php\/wp-json\/wp\/v2\/tags?post=26203"}],"curies":[{"name":"wp","href":"https:\/\/api.w.org\/{rel}","templated":true}]}}