{"id":26182,"date":"2021-07-28T23:18:59","date_gmt":"2021-07-28T23:18:59","guid":{"rendered":"https:\/\/todoapulmon-rafaela.com\/?p=26182"},"modified":"2021-07-28T23:18:59","modified_gmt":"2021-07-28T23:18:59","slug":"la-presion-es-un-privilegio","status":"publish","type":"post","link":"https:\/\/todoapulmon-rafaela.com\/index.php\/2021\/07\/28\/la-presion-es-un-privilegio\/","title":{"rendered":"\u00abLa presi\u00f3n es un privilegio\u00bb"},"content":{"rendered":"<p>Novak Djokovic consider\u00f3 este mi\u00e9rcoles que la presi\u00f3n es un privilegio, en pleno debate despu\u00e9s de que la decisi\u00f3n de la gimnasta estadounidense Simone Biles de retirarse de dos pruebas haya puesto en primer plano el impacto de la presi\u00f3n sobre la salud mental de los atletas.<br \/>\nEl serbio, que sigue en su carrera para ser el primer jugador de tenis en ganar los cuatro Grand Slam y los Juegos Ol\u00edmpicos el mismo a\u00f1o, habl\u00f3 despu\u00e9s de su triunfo en dobles mixtos. \u201cObviamente no voy a decir que soy capaz de aislarme de todo el ruido medi\u00e1tico que existe en torno a m\u00ed y mis opciones de ganar en este evento ol\u00edmpico. Lo veo, lo escucho, lo percibo y s\u00e9 que est\u00e1 ah\u00ed, pero con el tiempo he aprendido a desarrollar mecanismos de gesti\u00f3n emocional que me permiten ver todo eso como algo positivo, y no como algo que puede destruirme. Siento que la presi\u00f3n es un privilegio y que sin ella no existir\u00eda el deporte profesional\u201d, sostuvo.<br \/>\nEn este sentido, asegur\u00f3: \u201cLos que queremos estar en la cima debemos aprender a lidiar con eso, tanto dentro como fuera de la cancha\u201d.<br \/>\nEstas declaraciones tienen lugar en el medio de los Juegos de Tokio justo cuando el mundo qued\u00f3 conmocionado porque Simone Biles no particip\u00f3 de la final por equipos y el shock aument\u00f3 tras su decisi\u00f3n de no defender el t\u00edtulo en la definici\u00f3n individual. En su aparici\u00f3n frente a los micr\u00f3fonos despu\u00e9s de su baja en el evento que consagr\u00f3 al Comit\u00e9 Ol\u00edmpico Ruso sobre los Estados Unidos, la deportista de 24 a\u00f1os le dijo a los periodistas que arrastraba problemas con los twisties desde las pr\u00e1cticas. Su testimonio encajaba con esos errores inesperados que todo el mundo vio en sus actuaciones: giros a destiempo, ca\u00eddas inestables y salidas sucias.<br \/>\n\u201cDesde que entro a escena, estoy yo sola con mi cabeza, tratando con demonios en mi cabeza. Debo hacer lo que es bueno para m\u00ed y concentrarme en mi salud mental y no comprometer mi salud y mi bienestar\u201d, admiti\u00f3 la atleta de 24 a\u00f1os hace apenas d\u00edas tras abandonar una de las finales.<br \/>\nCuando la cuatro veces campeona ol\u00edmpica, estrella en R\u00edo 2016, habla de su salud mental, no solamente se refiere a una angustia o falta de motivaci\u00f3n que le impide competir a tope. Su fragilidad mental tambi\u00e9n pone en riesgo su f\u00edsico: si su cerebro no tiene control total de su cuerpo en el aire, puede resultar gravemente herida. \u201cLo vieron un poco en la pr\u00e1ctica&#8230; Tuve algunos twisties\u201d, dijo Biles a los periodistas durante el martes tras retirarse del evento por equipos seg\u00fan reflej\u00f3 el medio oficial de los JJOO. \u201cMe perd\u00ed un poco en el aire, lo que es muy desafortunado\u201d, argument\u00f3 en conferencia de prensa.<\/p>\n<p>Fuente: Infobae.<\/p>\n","protected":false},"excerpt":{"rendered":"<p>Novak Djokovic consider\u00f3 este mi\u00e9rcoles que la presi\u00f3n es un privilegio, en pleno debate despu\u00e9s de que la decisi\u00f3n de<\/p>\n","protected":false},"author":2,"featured_media":26183,"comment_status":"open","ping_status":"open","sticky":false,"template":"","format":"standard","meta":{"footnotes":""},"categories":[6],"tags":[],"class_list":["post-26182","post","type-post","status-publish","format-standard","has-post-thumbnail","hentry","category-tenis"],"cc_featured_image_caption":{"caption_text":"Novak Djokovic dio una visi\u00f3n diferente ante lo sucedido con la gimnasta Biles.","source_text":"","source_url":""},"_links":{"self":[{"href":"https:\/\/todoapulmon-rafaela.com\/index.php\/wp-json\/wp\/v2\/posts\/26182"}],"collection":[{"href":"https:\/\/todoapulmon-rafaela.com\/index.php\/wp-json\/wp\/v2\/posts"}],"about":[{"href":"https:\/\/todoapulmon-rafaela.com\/index.php\/wp-json\/wp\/v2\/types\/post"}],"author":[{"embeddable":true,"href":"https:\/\/todoapulmon-rafaela.com\/index.php\/wp-json\/wp\/v2\/users\/2"}],"replies":[{"embeddable":true,"href":"https:\/\/todoapulmon-rafaela.com\/index.php\/wp-json\/wp\/v2\/comments?post=26182"}],"version-history":[{"count":1,"href":"https:\/\/todoapulmon-rafaela.com\/index.php\/wp-json\/wp\/v2\/posts\/26182\/revisions"}],"predecessor-version":[{"id":26184,"href":"https:\/\/todoapulmon-rafaela.com\/index.php\/wp-json\/wp\/v2\/posts\/26182\/revisions\/26184"}],"wp:featuredmedia":[{"embeddable":true,"href":"https:\/\/todoapulmon-rafaela.com\/index.php\/wp-json\/wp\/v2\/media\/26183"}],"wp:attachment":[{"href":"https:\/\/todoapulmon-rafaela.com\/index.php\/wp-json\/wp\/v2\/media?parent=26182"}],"wp:term":[{"taxonomy":"category","embeddable":true,"href":"https:\/\/todoapulmon-rafaela.com\/index.php\/wp-json\/wp\/v2\/categories?post=26182"},{"taxonomy":"post_tag","embeddable":true,"href":"https:\/\/todoapulmon-rafaela.com\/index.php\/wp-json\/wp\/v2\/tags?post=26182"}],"curies":[{"name":"wp","href":"https:\/\/api.w.org\/{rel}","templated":true}]}}