{"id":26177,"date":"2021-07-28T15:36:47","date_gmt":"2021-07-28T15:36:47","guid":{"rendered":"https:\/\/todoapulmon-rafaela.com\/?p=26177"},"modified":"2021-07-28T15:40:28","modified_gmt":"2021-07-28T15:40:28","slug":"encuentro-de-ciclismo-de-pista-este-domingo-en-rafaela","status":"publish","type":"post","link":"https:\/\/todoapulmon-rafaela.com\/index.php\/2021\/07\/28\/encuentro-de-ciclismo-de-pista-este-domingo-en-rafaela\/","title":{"rendered":"Encuentro de ciclismo de pista este domingo en Rafaela"},"content":{"rendered":"<p>El Club Ciclista de Rafaela inform\u00f3 sobre la organizaci\u00f3n de una jornada de ciclismo de pista en sus instalaciones, este domingo 1 de agosto a partir de las 13 horas. La misma ser\u00e1 para ciclistas licenciados 2021.<\/p>\n<p>Las categor\u00edas programadas son Infantiles, Menores, Juniors, Sub 23, Elite y Master A, B, C y D, mencion\u00e1ndose como aspecto importante que la inscripci\u00f3n es gratuita. Recordemos que la provincia habilit\u00f3 a partir del s\u00e1bado 31 de julio las competencias en el territorio provincial.<\/p>\n<p>En cuanto a las pruebas, se inform\u00f3 la realizaci\u00f3n sobre cronometradas, puntables y scratch. La organizaci\u00f3n aclar\u00f3 que el evento se desarrollar\u00e1 sin p\u00fablico, y deber\u00e1 cumplirse el protocolo covid 19 (barbijo, distanciamiento social y aplicaci\u00f3n Cuidar).<\/p>\n<p>&nbsp;<\/p>\n","protected":false},"excerpt":{"rendered":"<p>El Club Ciclista de Rafaela inform\u00f3 sobre la organizaci\u00f3n de una jornada de ciclismo de pista en sus instalaciones, este<\/p>\n","protected":false},"author":2,"featured_media":26178,"comment_status":"open","ping_status":"open","sticky":false,"template":"","format":"standard","meta":{"footnotes":""},"categories":[4,24],"tags":[],"class_list":["post-26177","post","type-post","status-publish","format-standard","has-post-thumbnail","hentry","category-ciclismo","category-noticias-destacadas"],"cc_featured_image_caption":{"caption_text":"","source_text":"","source_url":""},"_links":{"self":[{"href":"https:\/\/todoapulmon-rafaela.com\/index.php\/wp-json\/wp\/v2\/posts\/26177"}],"collection":[{"href":"https:\/\/todoapulmon-rafaela.com\/index.php\/wp-json\/wp\/v2\/posts"}],"about":[{"href":"https:\/\/todoapulmon-rafaela.com\/index.php\/wp-json\/wp\/v2\/types\/post"}],"author":[{"embeddable":true,"href":"https:\/\/todoapulmon-rafaela.com\/index.php\/wp-json\/wp\/v2\/users\/2"}],"replies":[{"embeddable":true,"href":"https:\/\/todoapulmon-rafaela.com\/index.php\/wp-json\/wp\/v2\/comments?post=26177"}],"version-history":[{"count":3,"href":"https:\/\/todoapulmon-rafaela.com\/index.php\/wp-json\/wp\/v2\/posts\/26177\/revisions"}],"predecessor-version":[{"id":26181,"href":"https:\/\/todoapulmon-rafaela.com\/index.php\/wp-json\/wp\/v2\/posts\/26177\/revisions\/26181"}],"wp:featuredmedia":[{"embeddable":true,"href":"https:\/\/todoapulmon-rafaela.com\/index.php\/wp-json\/wp\/v2\/media\/26178"}],"wp:attachment":[{"href":"https:\/\/todoapulmon-rafaela.com\/index.php\/wp-json\/wp\/v2\/media?parent=26177"}],"wp:term":[{"taxonomy":"category","embeddable":true,"href":"https:\/\/todoapulmon-rafaela.com\/index.php\/wp-json\/wp\/v2\/categories?post=26177"},{"taxonomy":"post_tag","embeddable":true,"href":"https:\/\/todoapulmon-rafaela.com\/index.php\/wp-json\/wp\/v2\/tags?post=26177"}],"curies":[{"name":"wp","href":"https:\/\/api.w.org\/{rel}","templated":true}]}}